{"id":10358,"date":"2015-09-01T17:23:10","date_gmt":"2015-09-01T17:23:10","guid":{"rendered":"http:\/\/www.grieta.org.mx\/?p=10358"},"modified":"2016-04-14T17:24:22","modified_gmt":"2016-04-14T17:24:22","slug":"evaluaran-expertos-de-la-unam-impacto-ambiental-de-aeropuerto-de-creel","status":"publish","type":"post","link":"http:\/\/www.grieta.org.mx\/index.php\/2015\/09\/01\/evaluaran-expertos-de-la-unam-impacto-ambiental-de-aeropuerto-de-creel\/","title":{"rendered":"Evaluar\u00e1n expertos de la UNAM impacto ambiental de aeropuerto de Creel"},"content":{"rendered":"<p>CHIHUAHUA, Chih. (apro).- La asociaci\u00f3n Comit\u00e9 T\u00e9cnico Comunitario (Contec) dio a conocer que en los pr\u00f3ximos d\u00edas llegar\u00e1 a esta entidad una misi\u00f3n de expertos de la Universidad Nacional Aut\u00f3noma de M\u00e9xico (UNAM), encabezados por Luis Boj\u00f3rquez, Marisa Mazari Hiriart, Armando Peralta, Robert By, Daniela Pedroza y Abril Cid, para medir el impacto ambiental que ocasionar\u00eda la construcci\u00f3n del aeropuerto de Creel.<\/p>\n<p>\u201cEl peritaje de da\u00f1os que realizar\u00e1n los expertos es parte del proceso de consulta, junto al peritaje antropol\u00f3gico a trav\u00e9s de los cuales el juez Octavo de Distrito, Ignacio Cuenca Zamora, determinar\u00e1 los da\u00f1os causados -en lo material y lo inmaterial- por la construcci\u00f3n del aeropuerto de Creel, con el fin de contar con los elementos suficientes para llegar a un acuerdo en t\u00e9rminos de la indemnizaci\u00f3n, la cual es parte del procedimiento sustituto de sentencia derivado de la sentencia del 27 de noviembre de 2014, a favor de la comunidad Bosques de San El\u00edas Repechique\u201d, explica la organizaci\u00f3n civil.<\/p>\n<p>Integrantes de la comunidad y de Contec acompa\u00f1ar\u00e1n a los expertos asociados al Laboratorio Nacional de Ciencias de la Sostenibilidad de la UNAM en su trabajo, que incluye la valoraci\u00f3n de la informaci\u00f3n documental sobre el proyecto a fin de elaborar el peritaje ambiental.<\/p>\n<p>El trabajo de campo incluir\u00e1 la toma de muestras de calidad de agua de manantiales afectados; un sobrevuelo con dron para evaluar las afectaciones de la vegetaci\u00f3n y a los caminos en las 60 hect\u00e1reas que de la superficie del aeropuerto y las \u00e1reas aleda\u00f1as; el registro testimonial de pobladores de la comunidad afectada sobre el tipo y magnitud de los impactos sufridos por la comunidad con la construcci\u00f3n.<\/p>\n<p>El equipo de cient\u00edficos tiene un calendario que incluye trabajo de gabinete, prospecci\u00f3n de campo, an\u00e1lisis de laboratorio, trabajo de gabinete, elaboraci\u00f3n del informe pericial, entrega de informe pericial.<\/p>\n<p>http:\/\/www.proceso.com.mx\/414279\/evaluaran-expertos-de-la-unam-impacto-ambiental-de-aeropuerto-de-creel<\/p>\n","protected":false},"excerpt":{"rendered":"<p>CHIHUAHUA, Chih. (apro).- La asociaci\u00f3n Comit\u00e9 T\u00e9cnico Comunitario (Contec) dio a conocer que en los pr\u00f3ximos d\u00edas llegar\u00e1 a esta entidad una misi\u00f3n de expertos de la Universidad Nacional Aut\u00f3noma &hellip; <a href=\"http:\/\/www.grieta.org.mx\/index.php\/2015\/09\/01\/evaluaran-expertos-de-la-unam-impacto-ambiental-de-aeropuerto-de-creel\/\" class=\"more-link\">Leer m\u00e1s<\/a><\/p>\n","protected":false},"author":2,"featured_media":21928,"comment_status":"closed","ping_status":"closed","sticky":false,"template":"","format":"standard","meta":{"ngg_post_thumbnail":0,"_jetpack_newsletter_access":"","_jetpack_dont_email_post_to_subs":false,"_jetpack_newsletter_tier_id":0,"_jetpack_memberships_contains_paywalled_content":false,"_jetpack_memberships_contains_paid_content":false,"footnotes":""},"categories":[80],"tags":[184,193],"class_list":["post-10358","post","type-post","status-publish","format-standard","has-post-thumbnail","hentry","category-cintillo","tag-despojo","tag-raramuris","entry"],"jetpack_featured_media_url":"http:\/\/www.grieta.org.mx\/wp-content\/uploads\/2018\/03\/14524434_1106112876131411_958039263622046936_o.jpg","jetpack_sharing_enabled":true,"jetpack_shortlink":"https:\/\/wp.me\/p7ZJR4-2H4","jetpack_likes_enabled":false,"jetpack-related-posts":[{"id":10344,"url":"http:\/\/www.grieta.org.mx\/index.php\/2016\/04\/24\/despojo-por-la-construccion-del-aeropuerto-en-creel\/","url_meta":{"origin":10358,"position":0},"title":"Despojo por la construcci\u00f3n del aeropuerto en Creel","author":"grieta","date":"24 abril, 2016","format":false,"excerpt":"23\/04\/16. Acuerdan 65 mdp para reparar da\u00f1o de Repechique; habitantes retirar\u00e1n plant\u00f3nProceso 13\/04\/16. En un hecho hist\u00f3rico los rar\u00e1muri de Bosques de San El\u00edas Repechique toman el aeropuerto regional Barrancas del Cobre. Defensa Tarahumara 13\/04\/16. Comunidad rar\u00e1muri toma aeropuerto de Creel; denuncian da\u00f1os e incumplimiento sin embargo 12\/01\/16. Tiene gobierno\u2026","rel":"","context":"En &quot;Aeropuerto Barrancas del Cobre&quot;","block_context":{"text":"Aeropuerto Barrancas del Cobre","link":"http:\/\/www.grieta.org.mx\/index.php\/category\/megaproyectos\/comunicaciones-y-transportes\/aeropuerto-barrancas-del-cobre\/"},"img":{"alt_text":"","src":"https:\/\/i0.wp.com\/www.grieta.org.mx\/wp-content\/uploads\/2018\/03\/14524434_1106112876131411_958039263622046936_o.jpg?resize=350%2C200","width":350,"height":200,"srcset":"https:\/\/i0.wp.com\/www.grieta.org.mx\/wp-content\/uploads\/2018\/03\/14524434_1106112876131411_958039263622046936_o.jpg?resize=350%2C200 1x, https:\/\/i0.wp.com\/www.grieta.org.mx\/wp-content\/uploads\/2018\/03\/14524434_1106112876131411_958039263622046936_o.jpg?resize=525%2C300 1.5x, https:\/\/i0.wp.com\/www.grieta.org.mx\/wp-content\/uploads\/2018\/03\/14524434_1106112876131411_958039263622046936_o.jpg?resize=700%2C400 2x"},"classes":[]},{"id":10351,"url":"http:\/\/www.grieta.org.mx\/index.php\/2016\/04\/13\/comunidad-raramuri-toma-aeropuerto-de-creel-denuncian-danos-e-incumplimiento\/","url_meta":{"origin":10358,"position":1},"title":"Comunidad rar\u00e1muri toma aeropuerto de Creel; denuncian da\u00f1os e incumplimiento","author":"grieta","date":"13 abril, 2016","format":false,"excerpt":"Este mi\u00e9rcoles, comunidad rar\u00e1muri de San El\u00edas Repechique tom\u00f3 el aeropuerto regional de Creel de manera pac\u00edfica las instalaciones del Aeropuerto regional Barrancas del Cobre en Creel ello luego de acurdarse en reuni\u00f3n comunitaria el 2 de abril del a\u00f1o en curso. En el plant\u00f3n, tambi\u00e9n se han sumado miembros\u2026","rel":"","context":"En &quot;CINTILLO&quot;","block_context":{"text":"CINTILLO","link":"http:\/\/www.grieta.org.mx\/index.php\/category\/cintillo\/"},"img":{"alt_text":"","src":"https:\/\/i0.wp.com\/www.grieta.org.mx\/wp-content\/uploads\/2018\/03\/14524434_1106112876131411_958039263622046936_o.jpg?resize=350%2C200","width":350,"height":200,"srcset":"https:\/\/i0.wp.com\/www.grieta.org.mx\/wp-content\/uploads\/2018\/03\/14524434_1106112876131411_958039263622046936_o.jpg?resize=350%2C200 1x, https:\/\/i0.wp.com\/www.grieta.org.mx\/wp-content\/uploads\/2018\/03\/14524434_1106112876131411_958039263622046936_o.jpg?resize=525%2C300 1.5x, https:\/\/i0.wp.com\/www.grieta.org.mx\/wp-content\/uploads\/2018\/03\/14524434_1106112876131411_958039263622046936_o.jpg?resize=700%2C400 2x"},"classes":[]},{"id":10355,"url":"http:\/\/www.grieta.org.mx\/index.php\/2016\/01\/12\/tiene-gobierno-6-meses-para-reparar-danos-causados-por-aeropuerto-de-creel\/","url_meta":{"origin":10358,"position":2},"title":"Tiene gobierno 6 meses para reparar da\u00f1os causados por Aeropuerto de Creel","author":"grieta","date":"12 enero, 2016","format":false,"excerpt":"Despu\u00e9s de que el gobernador C\u00e9sar Duarte anunciara que el aeropuerto de Creel est\u00e1 pr\u00f3ximo a abrir sus puertas, los representantes de Bosques de San El\u00edas Repechique informaron que el mandatario estatal tiene la voluntad de realizare las acciones tendientes a la reparaci\u00f3n de los da\u00f1os ocasionados por su construcci\u00f3n;\u2026","rel":"","context":"En &quot;CINTILLO&quot;","block_context":{"text":"CINTILLO","link":"http:\/\/www.grieta.org.mx\/index.php\/category\/cintillo\/"},"img":{"alt_text":"","src":"https:\/\/i0.wp.com\/www.grieta.org.mx\/wp-content\/uploads\/2018\/03\/14524434_1106112876131411_958039263622046936_o.jpg?resize=350%2C200","width":350,"height":200,"srcset":"https:\/\/i0.wp.com\/www.grieta.org.mx\/wp-content\/uploads\/2018\/03\/14524434_1106112876131411_958039263622046936_o.jpg?resize=350%2C200 1x, https:\/\/i0.wp.com\/www.grieta.org.mx\/wp-content\/uploads\/2018\/03\/14524434_1106112876131411_958039263622046936_o.jpg?resize=525%2C300 1.5x, https:\/\/i0.wp.com\/www.grieta.org.mx\/wp-content\/uploads\/2018\/03\/14524434_1106112876131411_958039263622046936_o.jpg?resize=700%2C400 2x"},"classes":[]},{"id":10370,"url":"http:\/\/www.grieta.org.mx\/index.php\/2014\/11\/29\/ganan-indigenas-juez-les-concede-amparo-contra-aeropuerto-de-creel\/","url_meta":{"origin":10358,"position":3},"title":"Ganan ind\u00edgenas; juez les concede amparo contra aeropuerto de Creel","author":"grieta","date":"29 noviembre, 2014","format":false,"excerpt":"El juez Octavo de Distrito, Ignacio Cuenca Zamora, concedi\u00f3 el pasado viernes el amparo y protecci\u00f3n de la justicia federal, en favor de los ind\u00edgenas de la comunidad de Repechike, municipio de Bocoyna, quienes se inconformaron por la construcci\u00f3n del Aeropuerto Regional Barrancas del Cobre. La asociaci\u00f3n civil \u201cAlianza Sierra\u2026","rel":"","context":"En &quot;chihuahua&quot;","block_context":{"text":"chihuahua","link":"http:\/\/www.grieta.org.mx\/index.php\/category\/chihuahua\/"},"img":{"alt_text":"","src":"https:\/\/i0.wp.com\/www.grieta.org.mx\/wp-content\/uploads\/2018\/03\/14524434_1106112876131411_958039263622046936_o.jpg?resize=350%2C200","width":350,"height":200,"srcset":"https:\/\/i0.wp.com\/www.grieta.org.mx\/wp-content\/uploads\/2018\/03\/14524434_1106112876131411_958039263622046936_o.jpg?resize=350%2C200 1x, https:\/\/i0.wp.com\/www.grieta.org.mx\/wp-content\/uploads\/2018\/03\/14524434_1106112876131411_958039263622046936_o.jpg?resize=525%2C300 1.5x, https:\/\/i0.wp.com\/www.grieta.org.mx\/wp-content\/uploads\/2018\/03\/14524434_1106112876131411_958039263622046936_o.jpg?resize=700%2C400 2x"},"classes":[]},{"id":10367,"url":"http:\/\/www.grieta.org.mx\/index.php\/2015\/06\/01\/denuncian-raramuris-que-aeropuerto-de-creel-ya-esta-funcionando\/","url_meta":{"origin":10358,"position":4},"title":"Denuncian rar\u00e1muris que aeropuerto de Creel ya est\u00e1 funcionando","author":"grieta","date":"1 junio, 2015","format":false,"excerpt":"A pesar de que hay un mandato de un juez federal que impide concluir la construcci\u00f3n del Aeropuerto Internacional de Creel en Bocoyna, ind\u00edgenas tarahumaras denunciaron que este aeropuerto ya est\u00e1 en funciones. El pasado domingo 26 de abril, los ind\u00edgenas tarahumaras de la comunidad de San Elias Repchique del\u2026","rel":"","context":"En &quot;CINTILLO&quot;","block_context":{"text":"CINTILLO","link":"http:\/\/www.grieta.org.mx\/index.php\/category\/cintillo\/"},"img":{"alt_text":"","src":"https:\/\/i0.wp.com\/www.grieta.org.mx\/wp-content\/uploads\/2018\/03\/14524434_1106112876131411_958039263622046936_o.jpg?resize=350%2C200","width":350,"height":200,"srcset":"https:\/\/i0.wp.com\/www.grieta.org.mx\/wp-content\/uploads\/2018\/03\/14524434_1106112876131411_958039263622046936_o.jpg?resize=350%2C200 1x, https:\/\/i0.wp.com\/www.grieta.org.mx\/wp-content\/uploads\/2018\/03\/14524434_1106112876131411_958039263622046936_o.jpg?resize=525%2C300 1.5x, https:\/\/i0.wp.com\/www.grieta.org.mx\/wp-content\/uploads\/2018\/03\/14524434_1106112876131411_958039263622046936_o.jpg?resize=700%2C400 2x"},"classes":[]},{"id":40999,"url":"http:\/\/www.grieta.org.mx\/index.php\/2019\/11\/04\/unam-omitio-danos-a-indigenas-por-construccion-del-aeropuerto-en-santa-lucia-ong-estado-de-mexico\/","url_meta":{"origin":10358,"position":5},"title":"UNAM omiti\u00f3 da\u00f1os a ind\u00edgenas por construcci\u00f3n del aeropuerto en Santa Luc\u00eda: ONG (Estado de M\u00e9xico)","author":"grieta","date":"4 noviembre, 2019","format":false,"excerpt":"Jordana gonz\u00e1lez \/ Contral\u00ednea La Facultad de Ingenier\u00eda de la Universidad Nacional Aut\u00f3noma de M\u00e9xico (UNAM) omiti\u00f3 da\u00f1os ambientales y sociales hacia comunidades originarias, que habitan la cuenca Norte de la Ciudad de M\u00e9xico, en la manifestaci\u00f3n de impacto ambiental que realiz\u00f3 respecto de la construcci\u00f3n del aeropuerto en Santa\u2026","rel":"","context":"En &quot;CINTILLO&quot;","block_context":{"text":"CINTILLO","link":"http:\/\/www.grieta.org.mx\/index.php\/category\/cintillo\/"},"img":{"alt_text":"","src":"https:\/\/i0.wp.com\/www.grieta.org.mx\/wp-content\/uploads\/2019\/11\/UNAM-omiti%C3%B3-da%C3%B1os-a-ind%C3%ADgenas-por-construcci%C3%B3n-del-aeropuerto-en-Santa-Luc%C3%ADa-ONG-edomex-nov.jpg?resize=350%2C200","width":350,"height":200,"srcset":"https:\/\/i0.wp.com\/www.grieta.org.mx\/wp-content\/uploads\/2019\/11\/UNAM-omiti%C3%B3-da%C3%B1os-a-ind%C3%ADgenas-por-construcci%C3%B3n-del-aeropuerto-en-Santa-Luc%C3%ADa-ONG-edomex-nov.jpg?resize=350%2C200 1x, https:\/\/i0.wp.com\/www.grieta.org.mx\/wp-content\/uploads\/2019\/11\/UNAM-omiti%C3%B3-da%C3%B1os-a-ind%C3%ADgenas-por-construcci%C3%B3n-del-aeropuerto-en-Santa-Luc%C3%ADa-ONG-edomex-nov.jpg?resize=525%2C300 1.5x"},"classes":[]}],"_links":{"self":[{"href":"http:\/\/www.grieta.org.mx\/index.php\/wp-json\/wp\/v2\/posts\/10358","targetHints":{"allow":["GET"]}}],"collection":[{"href":"http:\/\/www.grieta.org.mx\/index.php\/wp-json\/wp\/v2\/posts"}],"about":[{"href":"http:\/\/www.grieta.org.mx\/index.php\/wp-json\/wp\/v2\/types\/post"}],"author":[{"embeddable":true,"href":"http:\/\/www.grieta.org.mx\/index.php\/wp-json\/wp\/v2\/users\/2"}],"replies":[{"embeddable":true,"href":"http:\/\/www.grieta.org.mx\/index.php\/wp-json\/wp\/v2\/comments?post=10358"}],"version-history":[{"count":1,"href":"http:\/\/www.grieta.org.mx\/index.php\/wp-json\/wp\/v2\/posts\/10358\/revisions"}],"predecessor-version":[{"id":10359,"href":"http:\/\/www.grieta.org.mx\/index.php\/wp-json\/wp\/v2\/posts\/10358\/revisions\/10359"}],"wp:featuredmedia":[{"embeddable":true,"href":"http:\/\/www.grieta.org.mx\/index.php\/wp-json\/wp\/v2\/media\/21928"}],"wp:attachment":[{"href":"http:\/\/www.grieta.org.mx\/index.php\/wp-json\/wp\/v2\/media?parent=10358"}],"wp:term":[{"taxonomy":"category","embeddable":true,"href":"http:\/\/www.grieta.org.mx\/index.php\/wp-json\/wp\/v2\/categories?post=10358"},{"taxonomy":"post_tag","embeddable":true,"href":"http:\/\/www.grieta.org.mx\/index.php\/wp-json\/wp\/v2\/tags?post=10358"}],"curies":[{"name":"wp","href":"https:\/\/api.w.org\/{rel}","templated":true}]}}