{"id":10313,"date":"2016-04-13T23:46:56","date_gmt":"2016-04-13T23:46:56","guid":{"rendered":"http:\/\/www.grieta.org.mx\/?p=10313"},"modified":"2016-04-13T23:46:56","modified_gmt":"2016-04-13T23:46:56","slug":"declaracion-de-alerta-maxima-del-cni-ante-la-cobarde-traicion-a-la-comunidad-indigena-natho-de-san-francisco-xochicuautla","status":"publish","type":"post","link":"http:\/\/www.grieta.org.mx\/index.php\/2016\/04\/13\/declaracion-de-alerta-maxima-del-cni-ante-la-cobarde-traicion-a-la-comunidad-indigena-natho-de-san-francisco-xochicuautla\/","title":{"rendered":"Declaraci\u00f3n de alerta m\u00e1xima del CNI, ante la cobarde traici\u00f3n a la comunidad ind\u00edgena \u00d1atho de San Francisco Xochicuautla"},"content":{"rendered":"<p>A LOS  PUEBLOS DEL MUNDO<br \/>\nA LOS MEDIOS DE COMUNICACI\u00d3N ALTERNATIVOS<\/p>\n<p>Ante la cobarde traici\u00f3n a la comunidad ind\u00edgena \u00d1atho de San Francisco Xochicuautla, municipio de Lerma en el Estado de M\u00e9xico para imponer el proyecto carretero Toluca Naucalpan  y el atentado sufrido por polic\u00edas comunitarios de Ostula, municipio de Aquila, Michoac\u00e1n, como Congreso Nacional Ind\u00edgena nos declaramos en alerta m\u00e1xima y llamamos a los pueblos, organizaciones y personas solidarias a estar atentos y acudir al llamado realizado por la comunidad de Xochicuautla.<\/p>\n<p>Denunciamos que:<br \/>\nEl lunes 11 de abril alrededor de las 9 de la ma\u00f1ana comenzaron a llegar m\u00e1s de 1000 polic\u00edas estatales de la Comisi\u00f3n Estatal de Seguridad Ciudadana (CES) y las Fuerzas de Acci\u00f3n y Reacci\u00f3n (FAR), entrando por 3 lados de la comunidad, la colonia Buenavista, por la calle Cuauht\u00e9moc para llegar al paraje \u201cLampeni\u201d y en el paraje \u201cLapondishi\u201d donde se encontraba el Campamento de la Paz y la Digna Resistencia y que fue destruido por los polic\u00edas.<\/p>\n<p>En el paraje \u201cLampeni\u201d el compa\u00f1ero Armando Garc\u00eda Salazar, t\u00edo de David Ru\u00edz Garc\u00eda, delegado del Congreso Nacional Ind\u00edgena y asistente a la compartici\u00f3n entre el CNI y el EZLN de agosto de 2014 llevado a cabo en La Realidad zapatista, ten\u00eda su casa y el patrimonio de sus hijos. Dentro de la casa se reunieron alrededor de 25 personas para defender la propiedad, en su mayor\u00eda mujeres y con lujo de violencia las desalojaron, empujando y tirando a la compa\u00f1era Isabel Hern\u00e1ndez de 64 a\u00f1os quien forma parte del Concejo Supremo Ind\u00edgena y que en ese momento ten\u00eda en brazos a una ni\u00f1a.<\/p>\n<p>Acompa\u00f1ados de polic\u00edas le fue entregado al compa\u00f1ero Armando un papel en donde le informaban que su casa estaba en propiedad federal y la ten\u00edan que destruir, tambi\u00e9n le mostraron el decreto expropiatorio sobre el cual se gan\u00f3 un amparo.<\/p>\n<p>Sin mediar m\u00e1s palabras y a empujones sacaron de la casa a quienes estaban dentro, sacando tambi\u00e9n las pertenencias que se encontraban en el primer piso, quedando dentro documentos, ropa y herramientas de trabajo.<\/p>\n<p>Nuevamente el mal gobierno demuestra que las leyes que dice representar o el supuesto estado de derecho no son mas que herramientas de despojo que cumple siempre y cuando est\u00e1n est\u00e9n en contra de los pueblos. El despojo y represi\u00f3n viola la suspensi\u00f3n otorgada en los amparos 1123\/2015 y 771\/2015 que fueron otorgados el 18 de febrero de 2016 y que el juzgado notific\u00f3 a la mayor\u00eda de autoridades el 23 de febrero, incluida SAASCAEM, que es la instituci\u00f3n a la que se le otorg\u00f3 el territorio de Xochicuautla en el decreto expropiatorio.<\/p>\n<p>En tanto que en la noche del pasado  domingo 10 fueron atacados compa\u00f1eros miembros de la polic\u00eda comunitaria de de Santa Mar\u00eda Ostula, en las inmediaciones de la localidad de San Juan de Alima, Michoac\u00e1n, cuando desde un autom\u00f3vil en movimiento fue asesinado el comunero Francisco Grajeda y herido el comunero Abraham Gir\u00f3n, quien adem\u00e1s es comisionado de la comunidad para el Congreso Nacional Ind\u00edgena y participante en la compartici\u00f3n realizada en La Realidad Zapatista.<\/p>\n<p>Denunciamos el intento del mal gobierno  por minimizar este crimen con el que pretenden propiciar el regreso de la violencia a la regi\u00f3n de la sierra costa de Michoac\u00e1n y poner nuevamente en manos de narcopol\u00edticos, sus paramilitares, sicarios y empresas el territorio, recursos naturales, la dignidad y paz en la regi\u00f3n.<\/p>\n<p>Llamamos a los pueblos de M\u00e9xico y el mundo a solidarizarse de manera urgente con las acciones en defensa de los derechos de San Francisco Xochicuautla, asistiendo f\u00edsicamente a la comunidad, moviliz\u00e1ndose donde cada quien se encuentre para denunciar y exigir el cese de las agresiones en contra de la comunidad, su territorio y comuneros.<\/p>\n<p>Responsabilizamos a Eruviel Avila Villegas y su jefe Enrique Pe\u00f1a Nieto de la integridad de nuestros compa\u00f1eros y quienes se solidarizan con la digna lucha.<\/p>\n<p>POR LA REIVINDICACI\u00d3N INTEGRAL DE NUESTROS PUEBLOS<br \/>\nNUNCA M\u00c1S UN MEXICO SIN NOSOTROS<\/p>\n<p>A 12 DE ABRIL DE 2016<\/p>\n<p>CONGRESO NACIONAL IND\u00cdGENA<br \/>\nEJ\u00c9RCITO ZAPATISTA DE LIBERACI\u00d3N NACIONAL<\/p>\n<blockquote class=\"wp-embedded-content\" data-secret=\"AJvz7hPSp5\"><p><a href=\"http:\/\/enlacezapatista.ezln.org.mx\/2016\/04\/13\/declaracion-de-alerta-maxima-del-cni-ante-la-cobarde-traicion-a-la-comunidad-indigena-natho-de-san-francisco-xochicuautla\/\">Declaraci\u00f3n conjunta del CNI y el EZLN, ante la cobarde traici\u00f3n a la comunidad ind\u00edgena \u00d1atho de San Francisco Xochicuautla<\/a><\/p><\/blockquote>\n<p><iframe loading=\"lazy\" class=\"wp-embedded-content\" sandbox=\"allow-scripts\" security=\"restricted\" style=\"position: absolute; clip: rect(1px, 1px, 1px, 1px);\" title=\"\u00abDeclaraci\u00f3n conjunta del CNI y el EZLN, ante la cobarde traici\u00f3n a la comunidad ind\u00edgena \u00d1atho de San Francisco Xochicuautla\u00bb \u2014 Enlace Zapatista\" src=\"http:\/\/enlacezapatista.ezln.org.mx\/2016\/04\/13\/declaracion-de-alerta-maxima-del-cni-ante-la-cobarde-traicion-a-la-comunidad-indigena-natho-de-san-francisco-xochicuautla\/embed\/#?secret=AJvz7hPSp5\" data-secret=\"AJvz7hPSp5\" width=\"600\" height=\"338\" frameborder=\"0\" marginwidth=\"0\" marginheight=\"0\" scrolling=\"no\"><\/iframe><\/p>\n","protected":false},"excerpt":{"rendered":"<p>A LOS PUEBLOS DEL MUNDO A LOS MEDIOS DE COMUNICACI\u00d3N ALTERNATIVOS Ante la cobarde traici\u00f3n a la comunidad ind\u00edgena \u00d1atho de San Francisco Xochicuautla, municipio de Lerma en el Estado &hellip; <a href=\"http:\/\/www.grieta.org.mx\/index.php\/2016\/04\/13\/declaracion-de-alerta-maxima-del-cni-ante-la-cobarde-traicion-a-la-comunidad-indigena-natho-de-san-francisco-xochicuautla\/\" class=\"more-link\">Leer m\u00e1s<\/a><\/p>\n","protected":false},"author":2,"featured_media":21928,"comment_status":"closed","ping_status":"closed","sticky":false,"template":"","format":"standard","meta":{"ngg_post_thumbnail":0,"_jetpack_newsletter_access":"","_jetpack_dont_email_post_to_subs":false,"_jetpack_newsletter_tier_id":0,"_jetpack_memberships_contains_paywalled_content":false,"_jetpack_memberships_contains_paid_content":false,"footnotes":""},"categories":[80,79],"tags":[],"class_list":["post-10313","post","type-post","status-publish","format-standard","has-post-thumbnail","hentry","category-cintillo","category-cni","entry"],"jetpack_featured_media_url":"http:\/\/www.grieta.org.mx\/wp-content\/uploads\/2018\/03\/14524434_1106112876131411_958039263622046936_o.jpg","jetpack_sharing_enabled":true,"jetpack_shortlink":"https:\/\/wp.me\/p7ZJR4-2Gl","jetpack_likes_enabled":false,"jetpack-related-posts":[{"id":11937,"url":"http:\/\/www.grieta.org.mx\/index.php\/2016\/04\/12\/comunicado-del-congreso-nacional-indigena-ante-agresiones-en-san-francisco-xochicuautla-y-ostula\/","url_meta":{"origin":10313,"position":0},"title":"Comunicado del Congreso Nacional Ind\u00edgena ante agresiones en San Francisco Xochicuautla y Ostula","author":"grieta","date":"12 abril, 2016","format":false,"excerpt":"A LOS PUEBLOS DEL MUNDO A LOS MEDIOS DE COMUNICACI\u00d3N ALTERNATIVOS Ante la cobarde traici\u00f3n a la comunidad ind\u00edgena \u00d1atho de San Francisco Xochicuautla, municipio de Lerma en el Estado de M\u00e9xico para imponer el proyecto carretero Toluca Naucalpan y el atentado sufrido por polic\u00edas comunitarios de Ostula, municipio de\u2026","rel":"","context":"En &quot;CINTILLO&quot;","block_context":{"text":"CINTILLO","link":"http:\/\/www.grieta.org.mx\/index.php\/category\/cintillo\/"},"img":{"alt_text":"","src":"https:\/\/i0.wp.com\/www.grieta.org.mx\/wp-content\/uploads\/2018\/03\/14524434_1106112876131411_958039263622046936_o.jpg?resize=350%2C200","width":350,"height":200,"srcset":"https:\/\/i0.wp.com\/www.grieta.org.mx\/wp-content\/uploads\/2018\/03\/14524434_1106112876131411_958039263622046936_o.jpg?resize=350%2C200 1x, https:\/\/i0.wp.com\/www.grieta.org.mx\/wp-content\/uploads\/2018\/03\/14524434_1106112876131411_958039263622046936_o.jpg?resize=525%2C300 1.5x, https:\/\/i0.wp.com\/www.grieta.org.mx\/wp-content\/uploads\/2018\/03\/14524434_1106112876131411_958039263622046936_o.jpg?resize=700%2C400 2x"},"classes":[]},{"id":3710,"url":"http:\/\/www.grieta.org.mx\/index.php\/2015\/07\/30\/apoyo-a-xochicuautla-de-cni-y-ezln\/","url_meta":{"origin":10313,"position":1},"title":"Apoyo a Xochicuautla de CNI y EZLN","author":"grieta","date":"30 julio, 2015","format":false,"excerpt":"A los pueblos de M\u00e9xico y el Mundo A la Sexta Nacional e Internacional A la comunidad ind\u00edgena \u00f1\u00e4tho de San Francisco Xochicuautla Ante la digna lucha que desde hace ocho a\u00f1os la comunidad \u00f1\u00e4tho de San Francisco Xochicuautla ha dado en contra del proyecto carretero de cuota Toluca-Naucalpan, que\u2026","rel":"","context":"En &quot;Comunicados&quot;","block_context":{"text":"Comunicados","link":"http:\/\/www.grieta.org.mx\/index.php\/category\/ezln-2\/ezln\/"},"img":{"alt_text":"","src":"https:\/\/i0.wp.com\/www.grieta.org.mx\/wp-content\/uploads\/2018\/03\/14524434_1106112876131411_958039263622046936_o.jpg?resize=350%2C200","width":350,"height":200,"srcset":"https:\/\/i0.wp.com\/www.grieta.org.mx\/wp-content\/uploads\/2018\/03\/14524434_1106112876131411_958039263622046936_o.jpg?resize=350%2C200 1x, https:\/\/i0.wp.com\/www.grieta.org.mx\/wp-content\/uploads\/2018\/03\/14524434_1106112876131411_958039263622046936_o.jpg?resize=525%2C300 1.5x, https:\/\/i0.wp.com\/www.grieta.org.mx\/wp-content\/uploads\/2018\/03\/14524434_1106112876131411_958039263622046936_o.jpg?resize=700%2C400 2x"},"classes":[]},{"id":3077,"url":"http:\/\/www.grieta.org.mx\/index.php\/2016\/01\/13\/comunidad-de-xochicuautla-denuncia-proyecto-carretero-y-se-solidariza-con-las-luchas-en-chiapas\/","url_meta":{"origin":10313,"position":2},"title":"Comunidad de Xochicuautla denuncia proyecto carretero y se solidariza con las luchas en Chiapas","author":"grieta","date":"13 enero, 2016","format":false,"excerpt":"En conferencia de prensa, autoridades de la comunidad \u00f1atho de San Francisco Xochicuautla (Estado de M\u00e9xico) y miembrxs del Frente de Pueblos Ind\u00edgenas en Defena de la Madre Tierra denunciaron la imposici\u00f3n ilegal del proyecto carretero Toluca-Naucalpan, por parte de Enrique Pe\u00f1a Nieto y el Grupo Higga, a trav\u00e9s de\u2026","rel":"","context":"En &quot;CINTILLO&quot;","block_context":{"text":"CINTILLO","link":"http:\/\/www.grieta.org.mx\/index.php\/category\/cintillo\/"},"img":{"alt_text":"","src":"https:\/\/i0.wp.com\/www.grieta.org.mx\/wp-content\/uploads\/2018\/03\/14524434_1106112876131411_958039263622046936_o.jpg?resize=350%2C200","width":350,"height":200,"srcset":"https:\/\/i0.wp.com\/www.grieta.org.mx\/wp-content\/uploads\/2018\/03\/14524434_1106112876131411_958039263622046936_o.jpg?resize=350%2C200 1x, https:\/\/i0.wp.com\/www.grieta.org.mx\/wp-content\/uploads\/2018\/03\/14524434_1106112876131411_958039263622046936_o.jpg?resize=525%2C300 1.5x, https:\/\/i0.wp.com\/www.grieta.org.mx\/wp-content\/uploads\/2018\/03\/14524434_1106112876131411_958039263622046936_o.jpg?resize=700%2C400 2x"},"classes":[]},{"id":10231,"url":"http:\/\/www.grieta.org.mx\/index.php\/2016\/04\/12\/continuan-ilegales-demoliciones-de-grupo-higa-en-xochicuautla-comunidad-atrincherada-en-capilla\/","url_meta":{"origin":10313,"position":3},"title":"Contin\u00faan ilegales demoliciones de Grupo Higa en Xochicuautla, comunidad atrincherada en capilla","author":"grieta","date":"12 abril, 2016","format":false,"excerpt":"Por segundo d\u00eda consecutivo Grupo Higa continu\u00f3 con la ilegal demolici\u00f3n de casas de la comunidad \u00d1atho (otom\u00ed) de San Francisco Xochicuautla en el poniente del Estado de M\u00e9xico. A pesar de que los pobladores cuentan con la suspensi\u00f3n definitiva contra la construcci\u00f3n de la autopista privada Toluca-Naucalpan al haber\u2026","rel":"","context":"En &quot;CINTILLO&quot;","block_context":{"text":"CINTILLO","link":"http:\/\/www.grieta.org.mx\/index.php\/category\/cintillo\/"},"img":{"alt_text":"","src":"https:\/\/i0.wp.com\/www.grieta.org.mx\/wp-content\/uploads\/2018\/03\/14524434_1106112876131411_958039263622046936_o.jpg?resize=350%2C200","width":350,"height":200,"srcset":"https:\/\/i0.wp.com\/www.grieta.org.mx\/wp-content\/uploads\/2018\/03\/14524434_1106112876131411_958039263622046936_o.jpg?resize=350%2C200 1x, https:\/\/i0.wp.com\/www.grieta.org.mx\/wp-content\/uploads\/2018\/03\/14524434_1106112876131411_958039263622046936_o.jpg?resize=525%2C300 1.5x, https:\/\/i0.wp.com\/www.grieta.org.mx\/wp-content\/uploads\/2018\/03\/14524434_1106112876131411_958039263622046936_o.jpg?resize=700%2C400 2x"},"classes":[]},{"id":3262,"url":"http:\/\/www.grieta.org.mx\/index.php\/2015\/07\/03\/habitantes-de-san-francisco-xochicuautla-convocan-a-defender-el-bosque-otomi\/","url_meta":{"origin":10313,"position":4},"title":"Habitantes de San Francisco Xochicuautla convocan a defender el bosque Otom\u00ed","author":"grieta","date":"3 julio, 2015","format":false,"excerpt":"Salvador Valencia En un comunicado difundido la tarde del 2 de julio por la Comunidad Ind\u00edgena de San Francisco Xochicuautla, Lerma, Estado de M\u00e9xico, los habitantes de este municipio demandaron a las autoridades la cancelaci\u00f3n del proyecto carretero \u201cAutopista Toluca \u2013 Naucalpan\u201d as\u00ed como el respeto a sus derechos humanos\u2026","rel":"","context":"En &quot;CINTILLO&quot;","block_context":{"text":"CINTILLO","link":"http:\/\/www.grieta.org.mx\/index.php\/category\/cintillo\/"},"img":{"alt_text":"","src":"https:\/\/i0.wp.com\/www.grieta.org.mx\/wp-content\/uploads\/2018\/03\/14524434_1106112876131411_958039263622046936_o.jpg?resize=350%2C200","width":350,"height":200,"srcset":"https:\/\/i0.wp.com\/www.grieta.org.mx\/wp-content\/uploads\/2018\/03\/14524434_1106112876131411_958039263622046936_o.jpg?resize=350%2C200 1x, https:\/\/i0.wp.com\/www.grieta.org.mx\/wp-content\/uploads\/2018\/03\/14524434_1106112876131411_958039263622046936_o.jpg?resize=525%2C300 1.5x, https:\/\/i0.wp.com\/www.grieta.org.mx\/wp-content\/uploads\/2018\/03\/14524434_1106112876131411_958039263622046936_o.jpg?resize=700%2C400 2x"},"classes":[]},{"id":69630,"url":"http:\/\/www.grieta.org.mx\/index.php\/2024\/09\/05\/cni-cig-condena-la-cobarde-represion-contra-la-comunidad-otomi-y-diversos-colectivos-y-exige-la-liberacion-inmediata-de-tods-ls-detenidos-y-detenidas\/","url_meta":{"origin":10313,"position":5},"title":"CNI-CIG CONDENA LA COBARDE REPRESI\u00d3N CONTRA LA COMUNIDAD OTOM\u00cd Y DIVERSOS COLECTIVOS Y EXIGE LA LIBERACI\u00d3N INMEDIATA DE TOD@S L@S DETENIDOS Y DETENIDAS.","author":"grieta","date":"5 septiembre, 2024","format":false,"excerpt":"A los Pueblos de M\u00e9xico y el Mundo A los colectivos y organizaciones de derechos humanos A los medios de comunicaci\u00f3n La Comisi\u00f3n de Coordinaci\u00f3n y Seguimiento del Congreso Nacional Ind\u00edgena \u2013 Concejo Ind\u00edgena de Gobierno, denunciamos la cobarde represi\u00f3n a nuestras compa\u00f1eras y compa\u00f1eros de la comunidad Otom\u00ed, residente\u2026","rel":"","context":"En &quot;CINTILLO&quot;","block_context":{"text":"CINTILLO","link":"http:\/\/www.grieta.org.mx\/index.php\/category\/cintillo\/"},"img":{"alt_text":"","src":"https:\/\/i0.wp.com\/www.grieta.org.mx\/wp-content\/uploads\/2024\/01\/logo-CNI-To.png?resize=350%2C200","width":350,"height":200,"srcset":"https:\/\/i0.wp.com\/www.grieta.org.mx\/wp-content\/uploads\/2024\/01\/logo-CNI-To.png?resize=350%2C200 1x, https:\/\/i0.wp.com\/www.grieta.org.mx\/wp-content\/uploads\/2024\/01\/logo-CNI-To.png?resize=525%2C300 1.5x"},"classes":[]}],"_links":{"self":[{"href":"http:\/\/www.grieta.org.mx\/index.php\/wp-json\/wp\/v2\/posts\/10313","targetHints":{"allow":["GET"]}}],"collection":[{"href":"http:\/\/www.grieta.org.mx\/index.php\/wp-json\/wp\/v2\/posts"}],"about":[{"href":"http:\/\/www.grieta.org.mx\/index.php\/wp-json\/wp\/v2\/types\/post"}],"author":[{"embeddable":true,"href":"http:\/\/www.grieta.org.mx\/index.php\/wp-json\/wp\/v2\/users\/2"}],"replies":[{"embeddable":true,"href":"http:\/\/www.grieta.org.mx\/index.php\/wp-json\/wp\/v2\/comments?post=10313"}],"version-history":[{"count":1,"href":"http:\/\/www.grieta.org.mx\/index.php\/wp-json\/wp\/v2\/posts\/10313\/revisions"}],"predecessor-version":[{"id":10314,"href":"http:\/\/www.grieta.org.mx\/index.php\/wp-json\/wp\/v2\/posts\/10313\/revisions\/10314"}],"wp:featuredmedia":[{"embeddable":true,"href":"http:\/\/www.grieta.org.mx\/index.php\/wp-json\/wp\/v2\/media\/21928"}],"wp:attachment":[{"href":"http:\/\/www.grieta.org.mx\/index.php\/wp-json\/wp\/v2\/media?parent=10313"}],"wp:term":[{"taxonomy":"category","embeddable":true,"href":"http:\/\/www.grieta.org.mx\/index.php\/wp-json\/wp\/v2\/categories?post=10313"},{"taxonomy":"post_tag","embeddable":true,"href":"http:\/\/www.grieta.org.mx\/index.php\/wp-json\/wp\/v2\/tags?post=10313"}],"curies":[{"name":"wp","href":"https:\/\/api.w.org\/{rel}","templated":true}]}}