{"id":1020,"date":"2015-12-15T03:24:44","date_gmt":"2015-12-15T03:24:44","guid":{"rendered":"http:\/\/50.22.11.12\/~grietaor\/?p=1020"},"modified":"2016-03-03T03:27:47","modified_gmt":"2016-03-03T03:27:47","slug":"el-sector-salud-de-sinaloa-escamotea-pagos-a-empleados","status":"publish","type":"post","link":"http:\/\/www.grieta.org.mx\/index.php\/2015\/12\/15\/el-sector-salud-de-sinaloa-escamotea-pagos-a-empleados\/","title":{"rendered":"El sector salud de Sinaloa escamotea pagos a empleados"},"content":{"rendered":"<p>Javier Vald\u00e9s C\u00e1rdenas, Sinaloa<\/p>\n<p>Trabajadores de la Secretar\u00eda de Salud del estado realizaron ayer marchas y plantones en esta capital y en el puerto de Mazatl\u00e1n en protesta porque pretenden pagarles s\u00f3lo 15 d\u00edas de aguinaldo (les corresponden 40) y les escamotean otras prestaciones.<\/p>\n<p>Los manifestantes denunciaron que al menos 10 millones de pesos de esa dependencia, a cargo de Ernesto Echeverr\u00eda, han sido desviados a las campa\u00f1as electorales de 2016, cuando se renovar\u00e1 la gubernatura.<\/p>\n<p>Los inconformes se\u00f1alaron que el supuesto desv\u00edo beneficia a Gerardo Vargas Landeros, secretario general de Gobierno, quien aspira a ser candidato del Partido Revolucionario Institucional (PRI) y ya realiza proselitismo en redes sociales y actos p\u00fablicos.<\/p>\n<p>Los empleados realizaron un paro de media hora frente al hospital general Bernardo Gast\u00e9lum. Portaban gafetes con la leyenda trabajamos bajo protesta y pancartas con mensajes contra las autoridades del sector salud.<\/p>\n<p>Se quejaron de que desde hace meses carecen hasta de gasas y otros materiales de curaci\u00f3n, y de que el abasto de medicamentos es deficiente.<\/p>\n<p>Ernesto Echeverr\u00eda neg\u00f3 que haya desv\u00edos y argument\u00f3 que las carencias se deben a un recorte presupuestal en la dependencia.<\/p>\n<p>En Mazatl\u00e1n, empleados del hospital general Martiniano Carvajal protestaron porque se pretende pagarles s\u00f3lo 15 d\u00edas de aguinaldo y por falta de prestaciones, entre ellas seguridad social.<\/p>\n<p><a href=\"http:\/\/www.jornada.unam.mx\/2015\/12\/15\/estados\/027n1est\" target=\"_blank\">www.jornada.unam.mx\/2015\/12\/15\/estados\/027n1est<\/a><\/p>\n","protected":false},"excerpt":{"rendered":"<p>Javier Vald\u00e9s C\u00e1rdenas, Sinaloa Trabajadores de la Secretar\u00eda de Salud del estado realizaron ayer marchas y plantones en esta capital y en el puerto de Mazatl\u00e1n en protesta porque pretenden &hellip; <a href=\"http:\/\/www.grieta.org.mx\/index.php\/2015\/12\/15\/el-sector-salud-de-sinaloa-escamotea-pagos-a-empleados\/\" class=\"more-link\">Leer m\u00e1s<\/a><\/p>\n","protected":false},"author":2,"featured_media":21928,"comment_status":"closed","ping_status":"open","sticky":false,"template":"","format":"standard","meta":{"ngg_post_thumbnail":0,"_jetpack_newsletter_access":"","_jetpack_dont_email_post_to_subs":false,"_jetpack_newsletter_tier_id":0,"_jetpack_memberships_contains_paywalled_content":false,"_jetpack_memberships_contains_paid_content":false,"footnotes":""},"categories":[80,164],"tags":[113,105],"class_list":["post-1020","post","type-post","status-publish","format-standard","has-post-thumbnail","hentry","category-cintillo","category-sinaloa","tag-conflictos-laborales","tag-derechos-laborales","entry"],"jetpack_featured_media_url":"http:\/\/www.grieta.org.mx\/wp-content\/uploads\/2018\/03\/14524434_1106112876131411_958039263622046936_o.jpg","jetpack_sharing_enabled":true,"jetpack_shortlink":"https:\/\/wp.me\/p7ZJR4-gs","jetpack_likes_enabled":false,"jetpack-related-posts":[{"id":36117,"url":"http:\/\/www.grieta.org.mx\/index.php\/2019\/07\/05\/despiden-a-empleados-eventuales-de-conafor-en-sinaloa\/","url_meta":{"origin":1020,"position":0},"title":"Despiden a empleados eventuales de Conafor en Sinaloa","author":"grieta","date":"5 julio, 2019","format":false,"excerpt":"Foto: EL Debate Empleados eventuales con hasta 10 a\u00f1os de antig\u00fcedad fueron despedidos de Conafor en Sinaloa, el pasado primero de julio Redacci\u00f3n \/ El Debate Culiac\u00e1n, Sinaloa.- Personales de la Comisi\u00f3n Nacional Forestal (CONAFOR) realiz\u00f3 una rueda de prensa, para dar a conocer su situaci\u00f3n laboral por la cual\u2026","rel":"","context":"En &quot;CINTILLO&quot;","block_context":{"text":"CINTILLO","link":"http:\/\/www.grieta.org.mx\/index.php\/category\/cintillo\/"},"img":{"alt_text":"","src":"https:\/\/i0.wp.com\/www.grieta.org.mx\/wp-content\/uploads\/2019\/07\/despiden_a_empleados_eventuales_de_conafor_en_sinaloa.jpeg_219914347.jpeg?resize=350%2C200","width":350,"height":200,"srcset":"https:\/\/i0.wp.com\/www.grieta.org.mx\/wp-content\/uploads\/2019\/07\/despiden_a_empleados_eventuales_de_conafor_en_sinaloa.jpeg_219914347.jpeg?resize=350%2C200 1x, https:\/\/i0.wp.com\/www.grieta.org.mx\/wp-content\/uploads\/2019\/07\/despiden_a_empleados_eventuales_de_conafor_en_sinaloa.jpeg_219914347.jpeg?resize=525%2C300 1.5x, https:\/\/i0.wp.com\/www.grieta.org.mx\/wp-content\/uploads\/2019\/07\/despiden_a_empleados_eventuales_de_conafor_en_sinaloa.jpeg_219914347.jpeg?resize=700%2C400 2x"},"classes":[]},{"id":37033,"url":"http:\/\/www.grieta.org.mx\/index.php\/2019\/07\/16\/trabajadores-de-vectores-paran-laboras-tras-amenaza-de-despidos-sinaloa\/","url_meta":{"origin":1020,"position":1},"title":"Trabajadores de Vectores paran laboras tras amenaza de despidos (Sinaloa)","author":"grieta","date":"16 julio, 2019","format":false,"excerpt":"Foto: El Debate Los trabajadores de Vectores y Zoonosis de Mazatl\u00e1n realizan paro de labores ante la amenaza de que dar\u00e1n de baja a 8 empleados Mazatl\u00e1n, Sinaloa.- Trabajadores de Vectores y Zoonosis realizan paro de labores ante la amenaza de que dar\u00e1n de baja a 8 empleados. \u00c1lvaro Sosa,\u2026","rel":"","context":"En &quot;CINTILLO&quot;","block_context":{"text":"CINTILLO","link":"http:\/\/www.grieta.org.mx\/index.php\/category\/cintillo\/"},"img":{"alt_text":"","src":"https:\/\/i0.wp.com\/www.grieta.org.mx\/wp-content\/uploads\/2019\/07\/14fdded3-f55f-443d-8b35-27936e52e7db_crop1563296696096.jpg_1727466156.jpg?resize=350%2C200","width":350,"height":200,"srcset":"https:\/\/i0.wp.com\/www.grieta.org.mx\/wp-content\/uploads\/2019\/07\/14fdded3-f55f-443d-8b35-27936e52e7db_crop1563296696096.jpg_1727466156.jpg?resize=350%2C200 1x, https:\/\/i0.wp.com\/www.grieta.org.mx\/wp-content\/uploads\/2019\/07\/14fdded3-f55f-443d-8b35-27936e52e7db_crop1563296696096.jpg_1727466156.jpg?resize=525%2C300 1.5x, https:\/\/i0.wp.com\/www.grieta.org.mx\/wp-content\/uploads\/2019\/07\/14fdded3-f55f-443d-8b35-27936e52e7db_crop1563296696096.jpg_1727466156.jpg?resize=700%2C400 2x"},"classes":[]},{"id":1000,"url":"http:\/\/www.grieta.org.mx\/index.php\/2016\/09\/05\/conflictos-laborales-en-sinaloa\/","url_meta":{"origin":1020,"position":2},"title":"Conflictos laborales en Sinaloa","author":"grieta","date":"5 septiembre, 2016","format":false,"excerpt":"05\/09\/16. Jubilados exigen sus ahorros a Afore XXI (Sinaloa) El Debate 04\/09\/16. Maestros de la UPES paran labores (Sinaloa) El Debate 14\/08\/16. Sindicato de Jumapag espera resoluci\u00f3n a favor (Sinaloa) El Debate 10\/08\/16. Empleados sin salario, en Escuinapa. \u2018Cuando el hambre entra, s\u00ed da coraje\u2019 (Sinaloa) Noroeste 02\/06\/16. ASE auditar\u00e1\u2026","rel":"","context":"En &quot;NOTICIAS NACIONALES&quot;","block_context":{"text":"NOTICIAS NACIONALES","link":"http:\/\/www.grieta.org.mx\/index.php\/category\/noticias-nacionales\/"},"img":{"alt_text":"","src":"https:\/\/i0.wp.com\/www.grieta.org.mx\/wp-content\/uploads\/2018\/03\/14524434_1106112876131411_958039263622046936_o.jpg?resize=350%2C200","width":350,"height":200,"srcset":"https:\/\/i0.wp.com\/www.grieta.org.mx\/wp-content\/uploads\/2018\/03\/14524434_1106112876131411_958039263622046936_o.jpg?resize=350%2C200 1x, https:\/\/i0.wp.com\/www.grieta.org.mx\/wp-content\/uploads\/2018\/03\/14524434_1106112876131411_958039263622046936_o.jpg?resize=525%2C300 1.5x, https:\/\/i0.wp.com\/www.grieta.org.mx\/wp-content\/uploads\/2018\/03\/14524434_1106112876131411_958039263622046936_o.jpg?resize=700%2C400 2x"},"classes":[]},{"id":33832,"url":"http:\/\/www.grieta.org.mx\/index.php\/2019\/05\/21\/mas-de-cien-trabajadores-del-sector-quedan-fuera-del-aumento-en-sinaloa\/","url_meta":{"origin":1020,"position":3},"title":"M\u00e1s de cien trabajadores del sector quedan fuera del aumento en Sinaloa","author":"grieta","date":"21 mayo, 2019","format":false,"excerpt":"Estefan\u00eda L\u00f3pez Corral \/ El Debate Culiac\u00e1n, Sinaloa.- Poco m\u00e1s de 100 trabajadores del sector de la salud quedaron fuera del incremento salarial pagado el pasado 15 de mayo con la reasignaci\u00f3n de 200 millones de pesos en el Presupuesto de Egresos 2019, por lo que se hicieron presentes en\u2026","rel":"","context":"En &quot;CINTILLO&quot;","block_context":{"text":"CINTILLO","link":"http:\/\/www.grieta.org.mx\/index.php\/category\/cintillo\/"},"img":{"alt_text":"","src":"https:\/\/i0.wp.com\/www.grieta.org.mx\/wp-content\/uploads\/2019\/05\/mxs_de_cien_trabajadores_quedan_fuera_del_aumento_en_sinaloa.jpg_219914347.jpg?resize=350%2C200","width":350,"height":200,"srcset":"https:\/\/i0.wp.com\/www.grieta.org.mx\/wp-content\/uploads\/2019\/05\/mxs_de_cien_trabajadores_quedan_fuera_del_aumento_en_sinaloa.jpg_219914347.jpg?resize=350%2C200 1x, https:\/\/i0.wp.com\/www.grieta.org.mx\/wp-content\/uploads\/2019\/05\/mxs_de_cien_trabajadores_quedan_fuera_del_aumento_en_sinaloa.jpg_219914347.jpg?resize=525%2C300 1.5x, https:\/\/i0.wp.com\/www.grieta.org.mx\/wp-content\/uploads\/2019\/05\/mxs_de_cien_trabajadores_quedan_fuera_del_aumento_en_sinaloa.jpg_219914347.jpg?resize=700%2C400 2x"},"classes":[]},{"id":32263,"url":"http:\/\/www.grieta.org.mx\/index.php\/2019\/04\/14\/protestan-empleados-de-telmex-con-cartulinas-en-su-centro-de-trabajo-sinaloa\/","url_meta":{"origin":1020,"position":4},"title":"Protestan empleados de Telmex con cartulinas en su centro de trabajo (Sinaloa)","author":"grieta","date":"14 abril, 2019","format":false,"excerpt":"Exigen destituci\u00f3n del Gerente de \u00c1rea Integral de Culiac\u00e1n Jos\u00e9 \u00c1ngel Estrada \/ El Sol de Sinaloa Culiac\u00e1n, Sin.\u00a0Empleados de\u00a0Tel\u00e9fonos de M\u00e9xico\u00a0colocaron cartulinas en la sucursal de la calzada Insurgentes en las que informan que\u00a0trabajan bajo protesta\u00a0y denuncian estar bajo un permanente\u00a0acoso laboral, por lo que exigen se destituya al\u2026","rel":"","context":"En &quot;CINTILLO&quot;","block_context":{"text":"CINTILLO","link":"http:\/\/www.grieta.org.mx\/index.php\/category\/cintillo\/"},"img":{"alt_text":"","src":"https:\/\/i0.wp.com\/www.grieta.org.mx\/wp-content\/uploads\/2019\/04\/trabtelmexsin.jpg?resize=350%2C200","width":350,"height":200,"srcset":"https:\/\/i0.wp.com\/www.grieta.org.mx\/wp-content\/uploads\/2019\/04\/trabtelmexsin.jpg?resize=350%2C200 1x, https:\/\/i0.wp.com\/www.grieta.org.mx\/wp-content\/uploads\/2019\/04\/trabtelmexsin.jpg?resize=525%2C300 1.5x, https:\/\/i0.wp.com\/www.grieta.org.mx\/wp-content\/uploads\/2019\/04\/trabtelmexsin.jpg?resize=700%2C400 2x"},"classes":[]},{"id":37373,"url":"http:\/\/www.grieta.org.mx\/index.php\/2019\/07\/27\/maquiladora-contec-san-blas-toma-represalias-contra-sus-empleados-sinaloa\/","url_meta":{"origin":1020,"position":5},"title":"Maquiladora Contec San Blas toma represalias contra sus empleados (Sinaloa)","author":"grieta","date":"27 julio, 2019","format":false,"excerpt":"Foto: El Debate Redacci\u00f3n \/ El Debate El Fuerte, Sinaloa.- Luego de haber denunciado la explotaci\u00f3n laboral de la que eran objeto,\u00a0trabajadores de la maquiladora Contec de San Blas fueron v\u00edctimas de despido,\u00a0denunciaron los mismos empleados. Aseguran que ayer por la tarde, al presentarse a su \u00e1rea de trabajo, fueron\u2026","rel":"","context":"En &quot;CINTILLO&quot;","block_context":{"text":"CINTILLO","link":"http:\/\/www.grieta.org.mx\/index.php\/category\/cintillo\/"},"img":{"alt_text":"","src":"https:\/\/i0.wp.com\/www.grieta.org.mx\/wp-content\/uploads\/2019\/08\/maquiladora_contec_san_blas_toma_represalias_contra_sus_empleados_1.jpg_219914347.jpg?resize=350%2C200","width":350,"height":200,"srcset":"https:\/\/i0.wp.com\/www.grieta.org.mx\/wp-content\/uploads\/2019\/08\/maquiladora_contec_san_blas_toma_represalias_contra_sus_empleados_1.jpg_219914347.jpg?resize=350%2C200 1x, https:\/\/i0.wp.com\/www.grieta.org.mx\/wp-content\/uploads\/2019\/08\/maquiladora_contec_san_blas_toma_represalias_contra_sus_empleados_1.jpg_219914347.jpg?resize=525%2C300 1.5x, https:\/\/i0.wp.com\/www.grieta.org.mx\/wp-content\/uploads\/2019\/08\/maquiladora_contec_san_blas_toma_represalias_contra_sus_empleados_1.jpg_219914347.jpg?resize=700%2C400 2x"},"classes":[]}],"_links":{"self":[{"href":"http:\/\/www.grieta.org.mx\/index.php\/wp-json\/wp\/v2\/posts\/1020","targetHints":{"allow":["GET"]}}],"collection":[{"href":"http:\/\/www.grieta.org.mx\/index.php\/wp-json\/wp\/v2\/posts"}],"about":[{"href":"http:\/\/www.grieta.org.mx\/index.php\/wp-json\/wp\/v2\/types\/post"}],"author":[{"embeddable":true,"href":"http:\/\/www.grieta.org.mx\/index.php\/wp-json\/wp\/v2\/users\/2"}],"replies":[{"embeddable":true,"href":"http:\/\/www.grieta.org.mx\/index.php\/wp-json\/wp\/v2\/comments?post=1020"}],"version-history":[{"count":1,"href":"http:\/\/www.grieta.org.mx\/index.php\/wp-json\/wp\/v2\/posts\/1020\/revisions"}],"predecessor-version":[{"id":1028,"href":"http:\/\/www.grieta.org.mx\/index.php\/wp-json\/wp\/v2\/posts\/1020\/revisions\/1028"}],"wp:featuredmedia":[{"embeddable":true,"href":"http:\/\/www.grieta.org.mx\/index.php\/wp-json\/wp\/v2\/media\/21928"}],"wp:attachment":[{"href":"http:\/\/www.grieta.org.mx\/index.php\/wp-json\/wp\/v2\/media?parent=1020"}],"wp:term":[{"taxonomy":"category","embeddable":true,"href":"http:\/\/www.grieta.org.mx\/index.php\/wp-json\/wp\/v2\/categories?post=1020"},{"taxonomy":"post_tag","embeddable":true,"href":"http:\/\/www.grieta.org.mx\/index.php\/wp-json\/wp\/v2\/tags?post=1020"}],"curies":[{"name":"wp","href":"https:\/\/api.w.org\/{rel}","templated":true}]}}