{"id":10185,"date":"2016-04-01T20:10:01","date_gmt":"2016-04-01T20:10:01","guid":{"rendered":"http:\/\/www.grieta.org.mx\/?p=10185"},"modified":"2018-08-05T11:18:10","modified_gmt":"2018-08-05T16:18:10","slug":"irregularidades-en-consulta-indigena-sobre-la-siembra-de-soya-geneticamente-en-campeche","status":"publish","type":"post","link":"http:\/\/www.grieta.org.mx\/index.php\/2016\/04\/01\/irregularidades-en-consulta-indigena-sobre-la-siembra-de-soya-geneticamente-en-campeche\/","title":{"rendered":"Irregularidades en Consulta Ind\u00edgena sobre la siembra de soya gen\u00e9ticamente en Campeche"},"content":{"rendered":"<p>Con la ausencia del delegado de la CDI hacen p\u00fablica la convocatoria de la Consulta Ind\u00edgena sobre la siembra de soya gen\u00e9ticamente modificada en Campeche.<\/p>\n<p>El abogado Jorge Fern\u00e1ndez Mendiburo, representante legal de las comunidades que interpusieron el juicio de amparo ante la Suprema Corte de Justicia, alert\u00f3 sobre posibles irregularidades en el inicio de este proceso de consulta.<\/p>\n<p>La convocatoria se hizo p\u00fablica en un una reuni\u00f3n con poco menos de 20 comisarios ejidales de las 34 comunidades que conforman el municipio de Hopelch\u00e9n, Campeche. El evento fue precedido por el Lic. Marco Antonio Ram\u00edrez Vel\u00e1zquez, Subdirector de Pol\u00edticas y Normatividad Internacional de la CIBIOGEM; Juan Pablo Guidi\u00f1o director general adjunto de igualdad y derechos humanos de SEMARNAT; el presidente municipal de Hopelch\u00e9n, Jos\u00e9 Ignacio Espa\u00f1a Novelo y representantes de CENASICA y SAGARPA.   <\/p>\n<p>Fern\u00e1ndez Mendiburu expres\u00f3 que ven varios puntos de preocupaci\u00f3n ya que la primera reuni\u00f3n que organiz\u00f3 CDI hace unas semanas en este municipio, se realiz\u00f3 a puerta cerrada, y no se tom\u00f3 en cuenta a todos los comisarios, ni a los quejosos que presentaron los amparos.<\/p>\n<p>\u201cEra evidente que en la reuni\u00f3n de hoy no iban a venir todos, porque adem\u00e1s a muchos los convocaron el d\u00eda de ayer en la noche. No estuvo el delegado de CDI, cosa que es preocupante porque es la autoridad responsable de hacer la consulta junto con CIBIOGEM, de acuerdo con la sentencia de la SCJN, y podr\u00eda significar un NO acatamiento de la sentencia por que el d\u00eda de hoy se lanza formalmente la convocatoria\u201d.<\/p>\n<p>Fern\u00e1ndez Mendiburo agreg\u00f3 que  es de tomarse en cuenta que, los que presidieron el evento,  SAGARPA, SENASICA y SEMARNAT, son las autoridades demandadas en el juicio de amparo por haber otorgado los permisos para la siembra de soya transg\u00e9nica sin haber realizado una consulta previa; ya que debe de haber elementos de imparcialidad. Esto puede prestarse a confusi\u00f3n o manipulaci\u00f3n de informaci\u00f3n, dijo y a\u00f1adi\u00f3 que durante el acto no hubo int\u00e9rprete traductor en lengua maya.<\/p>\n<p>Ante estos se\u00f1alamientos y a los que se sumaron apicultores afectados y campesinos de la regi\u00f3n, el Lic. Marco Antonio Ram\u00edrez Vel\u00e1zquez, Subdirector de CIBIOGEM, se\u00f1al\u00f3 \u201cMuy importante que est\u00e9n todos los sectores de la sociedad, todos los actores de la comunidad porque al final aqu\u00ed no se trata que haya ganadores o perdedores, o vencedores y vencidos, no; vamos a ver los intereses de todos y vamos a construir en favor de los intereses de todos\u201d<\/p>\n<p>Ser\u00e1 el pr\u00f3ximo 14 de abril cuando se concrete una reuni\u00f3n entre los representantes de cada comunidad, avalados debidamente por las asambleas ejidales para dar inicio a las etapas de la consulta que se desarrollar\u00e1 en cinco fases: acuerdos previos, informativa, deliberativa, consultiva, consultiva y de ejecuci\u00f3n  y seguimiento de acuerdos. De acuerdo con informaci\u00f3n de la CDI ser\u00e1 Tenabo el otro municipio a ser consultado.  <\/p>\n<p>En dicha convocatoria se establece que el proceso se llevar\u00e1 acabo de acuerdo a los usos y costumbres, y que por ubicaci\u00f3n est\u00e9n asentadas dentro del pol\u00edgono determinado para la siembra de soya gen\u00e9ticamente modificada (soluci\u00f3n faena, tolerante al herbicida Glifosato), y sean susceptibles de una afectaci\u00f3n a sus intereses y derechos con motivo de la solicitud 007_2012. Lo anterior con el prop\u00f3sito de iniciar la fase de Acuerdos Previos, que permita definir, de forma conjunta, el mecanismo de consulta, apegado a lo establecido en la Corte Interamericana de Derechos Humanos (CIDH); en el art\u00edculo 108 p\u00e1rrafo tercero de la Ley de Bioseguridad de Organismos Gen\u00e9ticamente Modificados y en base a los est\u00e1ndares internacionales se\u00f1alados en el convenio 169 de la Organizaci\u00f3n Internacional del Trabajo (OIT).<\/p>\n<p>Con informaci\u00f3n de MA OGM colectivo  <\/p>\n<p><a href=\"http:\/\/www.infolliteras.com\/articulo.php?id=31484\" target=\"_blank\">http:\/\/www.infolliteras.com\/articulo.php?id=31484<\/a><\/p>\n","protected":false},"excerpt":{"rendered":"<p>Con la ausencia del delegado de la CDI hacen p\u00fablica la convocatoria de la Consulta Ind\u00edgena sobre la siembra de soya gen\u00e9ticamente modificada en Campeche. El abogado Jorge Fern\u00e1ndez Mendiburo, &hellip; <a href=\"http:\/\/www.grieta.org.mx\/index.php\/2016\/04\/01\/irregularidades-en-consulta-indigena-sobre-la-siembra-de-soya-geneticamente-en-campeche\/\" class=\"more-link\">Leer m\u00e1s<\/a><\/p>\n","protected":false},"author":2,"featured_media":21928,"comment_status":"closed","ping_status":"closed","sticky":false,"template":"","format":"standard","meta":{"ngg_post_thumbnail":0,"_jetpack_newsletter_access":"","_jetpack_dont_email_post_to_subs":false,"_jetpack_newsletter_tier_id":0,"_jetpack_memberships_contains_paywalled_content":false,"_jetpack_memberships_contains_paid_content":false,"footnotes":""},"categories":[60,123,11,80,958,976,984,1,954,2,28,1151,1152,1153,36],"tags":[159],"class_list":{"0":"post-10185","1":"post","2":"type-post","3":"status-publish","4":"format-standard","5":"has-post-thumbnail","6":"hentry","7":"category-16-pueblo-maya","8":"category-campeche","10":"category-cintillo","11":"category-esp-campeche","12":"category-esp-quintana-roo","13":"category-esp-yucatan","14":"category-espejos-de-la-resistencia","15":"category-espejos-estados","16":"category-noticias-nacionales","17":"category-quintana-roo","18":"category-se-organizan-para-frenar-avance-de-transgenicos-en-yucatan-campeche-y-quintana-roo","19":"category-se-organizan-para-frenar-avance-de-transgenicos-en-yucatan-campeche-y-quintana-roo-yucatan","20":"category-se-organizan-para-frenar-avance-de-transgenicos-en-yucatan-campeche-y-quintana-roo-quintana-roo","21":"category-yucatan","22":"tag-transgenicos","23":"entry"},"jetpack_featured_media_url":"http:\/\/www.grieta.org.mx\/wp-content\/uploads\/2018\/03\/14524434_1106112876131411_958039263622046936_o.jpg","jetpack_sharing_enabled":true,"jetpack_shortlink":"https:\/\/wp.me\/p7ZJR4-2Eh","jetpack_likes_enabled":false,"jetpack-related-posts":[{"id":912,"url":"http:\/\/www.grieta.org.mx\/index.php\/2016\/09\/13\/se-organizan-para-frenar-avance-de-transgenicos-en-yucatan-campeche-y-quintana-roo\/","url_meta":{"origin":10185,"position":0},"title":"Se organizan para frenar avance de transg\u00e9nicos en Yucat\u00e1n, Campeche y Quintana Roo","author":"grieta","date":"13 septiembre, 2016","format":false,"excerpt":"13\/04\/16. Conformaci\u00f3n de la Misi\u00f3n de Observaci\u00f3n de la Consulta al pueblo Maya sobre la siembra de soya gen\u00e9ticamente modificada de la empresa Monsanto Cayacyucatan 01\/04\/16. Irregularidades en Consulta Ind\u00edgena sobre la siembra de soya gen\u00e9ticamente en Campeche Infolliteras 22\/02\/16. Campeche, en mapa global sobre Riesgos Ambientales. Lo catalogan por\u2026","rel":"","context":"En &quot;16. Pueblo Maya&quot;","block_context":{"text":"16. Pueblo Maya","link":"http:\/\/www.grieta.org.mx\/index.php\/category\/espejos-de-la-resistencia\/16-pueblo-maya\/"},"img":{"alt_text":"","src":"https:\/\/i0.wp.com\/www.grieta.org.mx\/wp-content\/uploads\/2018\/03\/14524434_1106112876131411_958039263622046936_o.jpg?resize=350%2C200","width":350,"height":200,"srcset":"https:\/\/i0.wp.com\/www.grieta.org.mx\/wp-content\/uploads\/2018\/03\/14524434_1106112876131411_958039263622046936_o.jpg?resize=350%2C200 1x, https:\/\/i0.wp.com\/www.grieta.org.mx\/wp-content\/uploads\/2018\/03\/14524434_1106112876131411_958039263622046936_o.jpg?resize=525%2C300 1.5x, https:\/\/i0.wp.com\/www.grieta.org.mx\/wp-content\/uploads\/2018\/03\/14524434_1106112876131411_958039263622046936_o.jpg?resize=700%2C400 2x"},"classes":[]},{"id":17044,"url":"http:\/\/www.grieta.org.mx\/index.php\/2016\/07\/05\/dicen-no-a-transgenicos-campeche\/","url_meta":{"origin":10185,"position":1},"title":"Dicen no a transg\u00e9nicos (Campeche)","author":"grieta","date":"5 julio, 2016","format":false,"excerpt":"Hopelch\u00e9n: En Iturbide no se sembrar\u00e1 ning\u00fan cent\u00edmetro de soya transg\u00e9nica, advirti\u00f3 el comisario ejidal Abelardo Brice\u00f1o Montoy, quien dijo que en asamblea, los ejidatarios acordaron que no se d\u00e9 lugar a cultivos con semillas gen\u00e9ticamente modificadas, pues ponen en riesgo al sector ap\u00edcola. En entrevista con TRIBUNA la autoridad\u2026","rel":"","context":"En &quot;16. Pueblo Maya&quot;","block_context":{"text":"16. Pueblo Maya","link":"http:\/\/www.grieta.org.mx\/index.php\/category\/espejos-de-la-resistencia\/16-pueblo-maya\/"},"img":{"alt_text":"","src":"https:\/\/i0.wp.com\/www.grieta.org.mx\/wp-content\/uploads\/2018\/03\/14524434_1106112876131411_958039263622046936_o.jpg?resize=350%2C200","width":350,"height":200,"srcset":"https:\/\/i0.wp.com\/www.grieta.org.mx\/wp-content\/uploads\/2018\/03\/14524434_1106112876131411_958039263622046936_o.jpg?resize=350%2C200 1x, https:\/\/i0.wp.com\/www.grieta.org.mx\/wp-content\/uploads\/2018\/03\/14524434_1106112876131411_958039263622046936_o.jpg?resize=525%2C300 1.5x, https:\/\/i0.wp.com\/www.grieta.org.mx\/wp-content\/uploads\/2018\/03\/14524434_1106112876131411_958039263622046936_o.jpg?resize=700%2C400 2x"},"classes":[]},{"id":15367,"url":"http:\/\/www.grieta.org.mx\/index.php\/2016\/06\/19\/suspenden-a-monsanto-permiso-de-siembra-de-soya-modificada-en-yucatan\/","url_meta":{"origin":10185,"position":2},"title":"Suspenden a Monsanto permiso de siembra de soya modificada en Yucat\u00e1n","author":"grieta","date":"19 junio, 2016","format":false,"excerpt":"La trasnacional recibi\u00f3 el aviso de parte del sector agropecuario el pasado martes 14 de junio, luego de una resoluci\u00f3n de un juzgado con sede en Yucat\u00e1n; estim\u00f3 que habr\u00eda alrededor de 6 mil agricultores afectados. La empresa productora de semillas Monsanto inform\u00f3 que el pasado martes recibi\u00f3 una notificaci\u00f3n\u2026","rel":"","context":"En &quot;16. Pueblo Maya&quot;","block_context":{"text":"16. Pueblo Maya","link":"http:\/\/www.grieta.org.mx\/index.php\/category\/espejos-de-la-resistencia\/16-pueblo-maya\/"},"img":{"alt_text":"","src":"https:\/\/i0.wp.com\/www.grieta.org.mx\/wp-content\/uploads\/2018\/03\/14524434_1106112876131411_958039263622046936_o.jpg?resize=350%2C200","width":350,"height":200,"srcset":"https:\/\/i0.wp.com\/www.grieta.org.mx\/wp-content\/uploads\/2018\/03\/14524434_1106112876131411_958039263622046936_o.jpg?resize=350%2C200 1x, https:\/\/i0.wp.com\/www.grieta.org.mx\/wp-content\/uploads\/2018\/03\/14524434_1106112876131411_958039263622046936_o.jpg?resize=525%2C300 1.5x, https:\/\/i0.wp.com\/www.grieta.org.mx\/wp-content\/uploads\/2018\/03\/14524434_1106112876131411_958039263622046936_o.jpg?resize=700%2C400 2x"},"classes":[]},{"id":10411,"url":"http:\/\/www.grieta.org.mx\/index.php\/2016\/04\/13\/hoy-consulta-sobre-siembra-de-soya-transgenica\/","url_meta":{"origin":10185,"position":3},"title":"Hoy, consulta sobre siembra de soya transg\u00e9nica","author":"grieta","date":"13 abril, 2016","format":false,"excerpt":"HOPELCHEN, Cam., 13 de abril.- Todo se encuentra listo para que hoy se lleve a cabo la consulta sobre la pertinencia de la siembra de soya gen\u00e9ticamente modificada, esto en acatamiento al mandato de la Suprema Corte de Justicia de la Naci\u00f3n, en el sentido de conocer la opini\u00f3n de\u2026","rel":"","context":"En &quot;16. Pueblo Maya&quot;","block_context":{"text":"16. Pueblo Maya","link":"http:\/\/www.grieta.org.mx\/index.php\/category\/espejos-de-la-resistencia\/16-pueblo-maya\/"},"img":{"alt_text":"","src":"https:\/\/i0.wp.com\/www.grieta.org.mx\/wp-content\/uploads\/2018\/03\/14524434_1106112876131411_958039263622046936_o.jpg?resize=350%2C200","width":350,"height":200,"srcset":"https:\/\/i0.wp.com\/www.grieta.org.mx\/wp-content\/uploads\/2018\/03\/14524434_1106112876131411_958039263622046936_o.jpg?resize=350%2C200 1x, https:\/\/i0.wp.com\/www.grieta.org.mx\/wp-content\/uploads\/2018\/03\/14524434_1106112876131411_958039263622046936_o.jpg?resize=525%2C300 1.5x, https:\/\/i0.wp.com\/www.grieta.org.mx\/wp-content\/uploads\/2018\/03\/14524434_1106112876131411_958039263622046936_o.jpg?resize=700%2C400 2x"},"classes":[]},{"id":11490,"url":"http:\/\/www.grieta.org.mx\/index.php\/2016\/04\/26\/continua-la-siembra-de-soya-transgenica-en-q-roo\/","url_meta":{"origin":10185,"position":4},"title":"Contin\u00faa la siembra de soya transg\u00e9nica en Q. Roo","author":"grieta","date":"26 abril, 2016","format":false,"excerpt":"Sentencia de amparo no responde la anulaci\u00f3n del permiso que le otorgaron a Monsanto. Javier Ortiz\/SIPSE BACALAR, Q. Roo.- Tras a\u00f1o y medio de esperar resoluci\u00f3n del juez sexto de distrito, productores de ma\u00edz y apicultores de varias comunidades del municipio de Bacalar, se dijeron decepcionados, pues s\u00f3lo recibieron resoluci\u00f3n\u2026","rel":"","context":"En &quot;16. Pueblo Maya&quot;","block_context":{"text":"16. Pueblo Maya","link":"http:\/\/www.grieta.org.mx\/index.php\/category\/espejos-de-la-resistencia\/16-pueblo-maya\/"},"img":{"alt_text":"","src":"https:\/\/i0.wp.com\/www.grieta.org.mx\/wp-content\/uploads\/2018\/03\/14524434_1106112876131411_958039263622046936_o.jpg?resize=350%2C200","width":350,"height":200,"srcset":"https:\/\/i0.wp.com\/www.grieta.org.mx\/wp-content\/uploads\/2018\/03\/14524434_1106112876131411_958039263622046936_o.jpg?resize=350%2C200 1x, https:\/\/i0.wp.com\/www.grieta.org.mx\/wp-content\/uploads\/2018\/03\/14524434_1106112876131411_958039263622046936_o.jpg?resize=525%2C300 1.5x, https:\/\/i0.wp.com\/www.grieta.org.mx\/wp-content\/uploads\/2018\/03\/14524434_1106112876131411_958039263622046936_o.jpg?resize=700%2C400 2x"},"classes":[]},{"id":17435,"url":"http:\/\/www.grieta.org.mx\/index.php\/2016\/07\/20\/firmas-contra-transgenicos-campeche\/","url_meta":{"origin":10185,"position":5},"title":"Firmas contra transg\u00e9nicos (Campeche)","author":"grieta","date":"20 julio, 2016","format":false,"excerpt":"Ejidatarios de Iturbide, Hopelch\u00e9n, entregaron ayer documento con 540 firmas a la Comisi\u00f3n de Derechos Humanos del Estado de Campeche (Codhecam), en que rechazan la siembra de soya transg\u00e9nica, ya que la consideran da\u00f1ina para la salud y de inter\u00e9s exclusivo de menonitas. Los comisarios ejidal y municipal Abelardo Brice\u00f1o\u2026","rel":"","context":"En &quot;16. Pueblo Maya&quot;","block_context":{"text":"16. Pueblo Maya","link":"http:\/\/www.grieta.org.mx\/index.php\/category\/espejos-de-la-resistencia\/16-pueblo-maya\/"},"img":{"alt_text":"","src":"https:\/\/i0.wp.com\/www.grieta.org.mx\/wp-content\/uploads\/2018\/03\/14524434_1106112876131411_958039263622046936_o.jpg?resize=350%2C200","width":350,"height":200,"srcset":"https:\/\/i0.wp.com\/www.grieta.org.mx\/wp-content\/uploads\/2018\/03\/14524434_1106112876131411_958039263622046936_o.jpg?resize=350%2C200 1x, https:\/\/i0.wp.com\/www.grieta.org.mx\/wp-content\/uploads\/2018\/03\/14524434_1106112876131411_958039263622046936_o.jpg?resize=525%2C300 1.5x, https:\/\/i0.wp.com\/www.grieta.org.mx\/wp-content\/uploads\/2018\/03\/14524434_1106112876131411_958039263622046936_o.jpg?resize=700%2C400 2x"},"classes":[]}],"_links":{"self":[{"href":"http:\/\/www.grieta.org.mx\/index.php\/wp-json\/wp\/v2\/posts\/10185","targetHints":{"allow":["GET"]}}],"collection":[{"href":"http:\/\/www.grieta.org.mx\/index.php\/wp-json\/wp\/v2\/posts"}],"about":[{"href":"http:\/\/www.grieta.org.mx\/index.php\/wp-json\/wp\/v2\/types\/post"}],"author":[{"embeddable":true,"href":"http:\/\/www.grieta.org.mx\/index.php\/wp-json\/wp\/v2\/users\/2"}],"replies":[{"embeddable":true,"href":"http:\/\/www.grieta.org.mx\/index.php\/wp-json\/wp\/v2\/comments?post=10185"}],"version-history":[{"count":1,"href":"http:\/\/www.grieta.org.mx\/index.php\/wp-json\/wp\/v2\/posts\/10185\/revisions"}],"predecessor-version":[{"id":10186,"href":"http:\/\/www.grieta.org.mx\/index.php\/wp-json\/wp\/v2\/posts\/10185\/revisions\/10186"}],"wp:featuredmedia":[{"embeddable":true,"href":"http:\/\/www.grieta.org.mx\/index.php\/wp-json\/wp\/v2\/media\/21928"}],"wp:attachment":[{"href":"http:\/\/www.grieta.org.mx\/index.php\/wp-json\/wp\/v2\/media?parent=10185"}],"wp:term":[{"taxonomy":"category","embeddable":true,"href":"http:\/\/www.grieta.org.mx\/index.php\/wp-json\/wp\/v2\/categories?post=10185"},{"taxonomy":"post_tag","embeddable":true,"href":"http:\/\/www.grieta.org.mx\/index.php\/wp-json\/wp\/v2\/tags?post=10185"}],"curies":[{"name":"wp","href":"https:\/\/api.w.org\/{rel}","templated":true}]}}