{"id":10130,"date":"2015-04-24T03:18:13","date_gmt":"2015-04-24T03:18:13","guid":{"rendered":"http:\/\/www.grieta.org.mx\/?p=10130"},"modified":"2016-04-11T03:20:04","modified_gmt":"2016-04-11T03:20:04","slug":"chinamperos-de-xochimilco-temen-que-se-destruya-esa-reserva-natural","status":"publish","type":"post","link":"http:\/\/www.grieta.org.mx\/index.php\/2015\/04\/24\/chinamperos-de-xochimilco-temen-que-se-destruya-esa-reserva-natural\/","title":{"rendered":"Chinamperos de Xochimilco temen que se destruya esa reserva natural"},"content":{"rendered":"<p>La Jornada<\/p>\n<p>Mirna Serv\u00edn Vega<\/p>\n<p>Pobladores de San Gregorio Atlapulco denuncian la incursi\u00f3n de maquinaria<\/p>\n<p>El titular de la Sederec incumpli\u00f3 su compromiso de consensuar trabajos, dicen<\/p>\n<p>Ejidatarios de San Sebasti\u00e1n y Tlacoapa, en el poblado de San Gregorio Atlapulco, de la delegaci\u00f3n Xochimilco, denunciaron la entrada de maquinaria pesada a la zona natural protegida<\/p>\n<p>Chinamperos y ejidatarios de los parajes de San Sebasti\u00e1n y Tlacoapa, del pueblo de San Gregorio Atlapulco, en la delegaci\u00f3n Xochimilco, denunciaron la entrada de maquinaria pesada en zona natural protegida para dar &#8220;inicio a la construcci\u00f3n de diques junto a canales y el cierre de zanjas que proporcionan agua para el cultivo de la tierra&#8221;.<\/p>\n<p>En un recorrido por la zona, los afectados denunciaron que aunque el titular de la Secretar\u00eda de Desarrollo Rural y Equidad para las comunidades del Distrito Federal (Sederec), Hegel Cort\u00e9s Miranda, se comprometi\u00f3 hace tres semanas a no realizar ninguna obra en la que no hubiera consenso, el martes entr\u00f3 el primer trascabo, lo que hizo que ejidatarios y chinamperos se enfrentaran con floricultores y personal por impedirles el paso.<\/p>\n<p>David Jim\u00e9nez, habitante de la zona, incluso ofreci\u00f3 una videograbaci\u00f3n, que tiene este diario, donde efectivamente se observa en un recorrido al titular de la Sederec afirmando que si no hay consenso para que se desarrollen los siete proyectos propuestos para la zona lacuste de Xochimilco, \u00e9stos no se realizar\u00edan, pues no se trataba de generar un conflicto social.<\/p>\n<p>Sin embargo, se\u00f1alaron, no s\u00f3lo entr\u00f3 la maquinaria, sino que el titular de la Direcci\u00f3n de Desarrollo Rural de la Sederec, Ignacio Ruiz L\u00f3pez, les advirti\u00f3 que o las obras empezaban esta semana o los recursos se perder\u00edan.<\/p>\n<p>De acuerdo con Pedro N\u00e1jera Romero, otro de los inconformes, ellos s\u00ed consideran necesario un proyecto de restauraci\u00f3n, conservaci\u00f3n y aprovechamiento del suelo, pero por medio de la nivelaci\u00f3n de \u00e9ste con tierra f\u00e9rtil para activar la producci\u00f3n de hortalizas.<\/p>\n<p>El proyecto actual, explic\u00f3 otro campesino que trabaja estas tierras, no contempla el entorno ecol\u00f3gico del que depende la zona, ya que con la construcci\u00f3n de bordos &#8220;para que supuestamente no se inunde la zona con agua de los canales, har\u00e1 que en temporada de lluvias el agua se quede estancada en el suelo irregular y que en otras \u00e1reas de plano no llegue el l\u00edquido&#8221;.<\/p>\n<p>Adem\u00e1s, Alejandro Galicia denunci\u00f3 que aunque se ha solicitado el proyecto ejecutivo de las obras que pretenden realizarse, los chinamperos y ejidatarios no lo conocen ni se les ha entregado. Asimismo, explicaron, el comit\u00e9 que valid\u00f3 la ejecuci\u00f3n de los proyectos, se llev\u00f3 a cabo sin la participaci\u00f3n de ellos ni de las personas que resultar\u00edan afectadas.<\/p>\n<p>&#8220;Nosotros queremos rescatar la siembra tradicional del campo, clavar nuestras manos en la tierra para poner los reto\u00f1os y hacerlos crecer, pero estas obras s\u00f3lo acabar\u00e1n con esta reserva natural&#8221;, lamentaron.<\/p>\n<p><a href=\"http:\/\/www.jornada.unam.mx\/2015\/04\/24\/capital\/031n1cap\" target=\"_blank\">http:\/\/www.jornada.unam.mx\/2015\/04\/24\/capital\/031n1cap<\/a><\/p>\n","protected":false},"excerpt":{"rendered":"<p>La Jornada Mirna Serv\u00edn Vega Pobladores de San Gregorio Atlapulco denuncian la incursi\u00f3n de maquinaria El titular de la Sederec incumpli\u00f3 su compromiso de consensuar trabajos, dicen Ejidatarios de San &hellip; <a href=\"http:\/\/www.grieta.org.mx\/index.php\/2015\/04\/24\/chinamperos-de-xochimilco-temen-que-se-destruya-esa-reserva-natural\/\" class=\"more-link\">Leer m\u00e1s<\/a><\/p>\n","protected":false},"author":2,"featured_media":21928,"comment_status":"closed","ping_status":"closed","sticky":false,"template":"","format":"standard","meta":{"ngg_post_thumbnail":0,"_jetpack_newsletter_access":"","_jetpack_dont_email_post_to_subs":false,"_jetpack_newsletter_tier_id":0,"_jetpack_memberships_contains_paywalled_content":false,"_jetpack_memberships_contains_paid_content":false,"footnotes":""},"categories":[80],"tags":[599],"class_list":["post-10130","post","type-post","status-publish","format-standard","has-post-thumbnail","hentry","category-cintillo","tag-xochimilco","entry"],"jetpack_featured_media_url":"http:\/\/www.grieta.org.mx\/wp-content\/uploads\/2018\/03\/14524434_1106112876131411_958039263622046936_o.jpg","jetpack_sharing_enabled":true,"jetpack_shortlink":"https:\/\/wp.me\/p7ZJR4-2Do","jetpack_likes_enabled":false,"jetpack-related-posts":[{"id":42680,"url":"http:\/\/www.grieta.org.mx\/index.php\/2020\/01\/02\/organizaciones-ecologistas-convocan-a-clausura-simbolica-de-set-de-mexica-en-xochimilco-ciudad-de-mexico\/","url_meta":{"origin":10130,"position":0},"title":"Organizaciones ecologistas convocan a \u201cclausura simb\u00f3lica\u201d de set de \u201cMexica\u201d en Xochimilco (Ciudad de M\u00e9xico)","author":"grieta","date":"2 enero, 2020","format":false,"excerpt":"Cartelones en San Gregorio Atlapulco. Foto: Especial \u00a0 \u00a0 Sara Pantoja \/ Proceso CIUDAD DE M\u00c9XICO (apro).- Organizaciones de habitantes y ciclistas convocaron a una rodada el pr\u00f3ximo domingo 5 de enero \u201cEn defensa de los humedales de Xochimilco\u201d y la clausura simb\u00f3lica de la instalaci\u00f3n del set de grabaci\u00f3n\u2026","rel":"","context":"En &quot;CINTILLO&quot;","block_context":{"text":"CINTILLO","link":"http:\/\/www.grieta.org.mx\/index.php\/category\/cintillo\/"},"img":{"alt_text":"","src":"https:\/\/i0.wp.com\/www.grieta.org.mx\/wp-content\/uploads\/2020\/01\/Organizaciones-ecologistas-convocan-a-clausura-simb%C3%B3lica-de-set-de-Mexica-en-Xochimilco.jpg?resize=350%2C200","width":350,"height":200,"srcset":"https:\/\/i0.wp.com\/www.grieta.org.mx\/wp-content\/uploads\/2020\/01\/Organizaciones-ecologistas-convocan-a-clausura-simb%C3%B3lica-de-set-de-Mexica-en-Xochimilco.jpg?resize=350%2C200 1x, https:\/\/i0.wp.com\/www.grieta.org.mx\/wp-content\/uploads\/2020\/01\/Organizaciones-ecologistas-convocan-a-clausura-simb%C3%B3lica-de-set-de-Mexica-en-Xochimilco.jpg?resize=525%2C300 1.5x, https:\/\/i0.wp.com\/www.grieta.org.mx\/wp-content\/uploads\/2020\/01\/Organizaciones-ecologistas-convocan-a-clausura-simb%C3%B3lica-de-set-de-Mexica-en-Xochimilco.jpg?resize=700%2C400 2x"},"classes":[]},{"id":71911,"url":"http:\/\/www.grieta.org.mx\/index.php\/2025\/07\/03\/encuentro-de-resistencias-mas-alla-de-la-aviacion-la-turistificacion-y-el-capitalismo-en-san-gregorio-atlapulco-xochimilco-ciudad-de-mexico\/","url_meta":{"origin":10130,"position":1},"title":"Encuentro de Resistencias &#8220;M\u00e1s all\u00e1 de la aviaci\u00f3n, la turistificaci\u00f3n y el capitalismo&#8221; en San Gregorio Atlapulco, Xochimilco. (Ciudad de M\u00e9xico)","author":"grieta","date":"3 julio, 2025","format":false,"excerpt":"Del Barrio News Este jueves 03 de julio fueron inaugurados los trabajos del Encuentro de Resistencias \"M\u00e1s all\u00e1 de la aviaci\u00f3n, la turistificaci\u00f3n y el capitalismo\" en San Gregorio Atlapulco, Xochimilco, el cual re\u00fane a diversos movimientos en defensa del territorio, iniciativas anti-turistificaci\u00f3n y luchas por el agua y la\u2026","rel":"","context":"En &quot;CINTILLO&quot;","block_context":{"text":"CINTILLO","link":"http:\/\/www.grieta.org.mx\/index.php\/category\/cintillo\/"},"img":{"alt_text":"","src":"https:\/\/i0.wp.com\/www.grieta.org.mx\/wp-content\/uploads\/2025\/07\/b7.jpg?resize=350%2C200","width":350,"height":200,"srcset":"https:\/\/i0.wp.com\/www.grieta.org.mx\/wp-content\/uploads\/2025\/07\/b7.jpg?resize=350%2C200 1x, https:\/\/i0.wp.com\/www.grieta.org.mx\/wp-content\/uploads\/2025\/07\/b7.jpg?resize=525%2C300 1.5x, https:\/\/i0.wp.com\/www.grieta.org.mx\/wp-content\/uploads\/2025\/07\/b7.jpg?resize=700%2C400 2x, https:\/\/i0.wp.com\/www.grieta.org.mx\/wp-content\/uploads\/2025\/07\/b7.jpg?resize=1050%2C600 3x, https:\/\/i0.wp.com\/www.grieta.org.mx\/wp-content\/uploads\/2025\/07\/b7.jpg?resize=1400%2C800 4x"},"classes":[]},{"id":70000,"url":"http:\/\/www.grieta.org.mx\/index.php\/2024\/10\/07\/la-lucha-de-san-gregorio-atlapulco-por-la-tlamachtiloyan-un-espacio-seguro-donde-tenemos-el-derecho-a-disfrutar\/","url_meta":{"origin":10130,"position":2},"title":"La lucha de San Gregorio Atlapulco por la Tlamachtiloyan: &#8220;Un espacio seguro, donde tenemos el derecho a disfrutar&#8221;","author":"grieta","date":"7 octubre, 2024","format":false,"excerpt":"La lucha de un pueblo originario de la Ciudad de M\u00e9xico en defensa del agua y el territorio frente al acoso de la 4T Colectivo Grieta \/ 24 de septiembre de 2024 Ciudad de M\u00e9xico.- El pasado 05 de septiembre, pobladores de San Gregorio Atlapulco y de colectivos, pueblos y\u2026","rel":"","context":"En &quot;Abuso policiaco y tortura en la Ciudad de M\u00e9xico&quot;","block_context":{"text":"Abuso policiaco y tortura en la Ciudad de M\u00e9xico","link":"http:\/\/www.grieta.org.mx\/index.php\/category\/noticias-nacionales\/ciudad-de-mexico\/abuso-policiaco-y-tortura-en-la-ciudad-de-mexico\/"},"img":{"alt_text":"","src":"https:\/\/i0.wp.com\/www.grieta.org.mx\/wp-content\/uploads\/2024\/10\/Tlamchtiltoyan2-scaled-e1728266408432.jpg?resize=350%2C200","width":350,"height":200,"srcset":"https:\/\/i0.wp.com\/www.grieta.org.mx\/wp-content\/uploads\/2024\/10\/Tlamchtiltoyan2-scaled-e1728266408432.jpg?resize=350%2C200 1x, https:\/\/i0.wp.com\/www.grieta.org.mx\/wp-content\/uploads\/2024\/10\/Tlamchtiltoyan2-scaled-e1728266408432.jpg?resize=525%2C300 1.5x, https:\/\/i0.wp.com\/www.grieta.org.mx\/wp-content\/uploads\/2024\/10\/Tlamchtiltoyan2-scaled-e1728266408432.jpg?resize=700%2C400 2x"},"classes":[]},{"id":42824,"url":"http:\/\/www.grieta.org.mx\/index.php\/2020\/01\/05\/sheinbaum-te-gano-la-farandula-gritan-en-xochimilco-al-clausurar-sets-de-hernan-y-mexica-ciudad-de-mexico\/","url_meta":{"origin":10130,"position":3},"title":"\u00a1Sheinbaum, te gan\u00f3 la far\u00e1ndula!, gritan en Xochimilco al \u201cclausurar\u201d sets de Hern\u00e1n y Mexica (Ciudad de M\u00e9xico)","author":"grieta","date":"5 enero, 2020","format":false,"excerpt":"Ejidatarios, habitantes de Xochimilco y organizaciones ciclistas realizaron la \u201cclausura simb\u00f3lica\u201d de los sets de filmaci\u00f3n de las series televisivas \u201cHern\u00e1n\u201d y \u201cMexica\u201d, que se construyen en el ejido de San Gregorio Atlapulco, por el da\u00f1o ecol\u00f3gico que significa a esa \u00c1rea Natural Protegida Foto: Alejandro Sald\u00edvar Sara Pantoja \/\u2026","rel":"","context":"En &quot;CINTILLO&quot;","block_context":{"text":"CINTILLO","link":"http:\/\/www.grieta.org.mx\/index.php\/category\/cintillo\/"},"img":{"alt_text":"","src":"https:\/\/i0.wp.com\/www.grieta.org.mx\/wp-content\/uploads\/2020\/01\/Sheinbaum-te-gan%C3%B3-la-far%C3%A1ndula-gritan-en-Xochimilco-al-clausurar-sets-de-Hern%C3%A1n-y-Mexica-cdmx-ene.jpeg?resize=350%2C200","width":350,"height":200,"srcset":"https:\/\/i0.wp.com\/www.grieta.org.mx\/wp-content\/uploads\/2020\/01\/Sheinbaum-te-gan%C3%B3-la-far%C3%A1ndula-gritan-en-Xochimilco-al-clausurar-sets-de-Hern%C3%A1n-y-Mexica-cdmx-ene.jpeg?resize=350%2C200 1x, https:\/\/i0.wp.com\/www.grieta.org.mx\/wp-content\/uploads\/2020\/01\/Sheinbaum-te-gan%C3%B3-la-far%C3%A1ndula-gritan-en-Xochimilco-al-clausurar-sets-de-Hern%C3%A1n-y-Mexica-cdmx-ene.jpeg?resize=525%2C300 1.5x, https:\/\/i0.wp.com\/www.grieta.org.mx\/wp-content\/uploads\/2020\/01\/Sheinbaum-te-gan%C3%B3-la-far%C3%A1ndula-gritan-en-Xochimilco-al-clausurar-sets-de-Hern%C3%A1n-y-Mexica-cdmx-ene.jpeg?resize=700%2C400 2x"},"classes":[]},{"id":69639,"url":"http:\/\/www.grieta.org.mx\/index.php\/2024\/09\/07\/decenas-de-heridos-y-detenidos-saldo-de-una-protesta-en-xochimilco-en-solidaridad-con-vecina-acusada-de-reabrir-biblioteca\/","url_meta":{"origin":10130,"position":4},"title":"Decenas de heridos y detenidos, saldo de una protesta en Xochimilco en solidaridad con vecina acusada de reabrir biblioteca","author":"Admin","date":"7 septiembre, 2024","format":false,"excerpt":"Por: Er\u00e9ndira Aquino\/ Animal Pol\u00edtico Fotos: Sharenii Guzm\u00e1n Una protesta convocada en solidaridad con una vecina de San Gregorio Atlapulco, quien enfrenta un proceso judicial por la reapertura de la biblioteca del pueblo, termin\u00f3 con personas detenidas y lesionadas. Los manifestantes fueron agredidos por civiles mientras se manifestaban en Xochimilco\u2026","rel":"","context":"En &quot;Abuso policiaco y tortura en la Ciudad de M\u00e9xico&quot;","block_context":{"text":"Abuso policiaco y tortura en la Ciudad de M\u00e9xico","link":"http:\/\/www.grieta.org.mx\/index.php\/category\/noticias-nacionales\/ciudad-de-mexico\/abuso-policiaco-y-tortura-en-la-ciudad-de-mexico\/"},"img":{"alt_text":"","src":"https:\/\/i0.wp.com\/www.grieta.org.mx\/wp-content\/uploads\/2024\/09\/protestas-san-gregorio-xochimilco-1-e1725725126321.jpeg?resize=350%2C200","width":350,"height":200,"srcset":"https:\/\/i0.wp.com\/www.grieta.org.mx\/wp-content\/uploads\/2024\/09\/protestas-san-gregorio-xochimilco-1-e1725725126321.jpeg?resize=350%2C200 1x, https:\/\/i0.wp.com\/www.grieta.org.mx\/wp-content\/uploads\/2024\/09\/protestas-san-gregorio-xochimilco-1-e1725725126321.jpeg?resize=525%2C300 1.5x, https:\/\/i0.wp.com\/www.grieta.org.mx\/wp-content\/uploads\/2024\/09\/protestas-san-gregorio-xochimilco-1-e1725725126321.jpeg?resize=700%2C400 2x"},"classes":[]},{"id":42589,"url":"http:\/\/www.grieta.org.mx\/index.php\/2019\/12\/28\/ahora-es-mexica-de-amazon-la-que-arrasara-xochimilco-ciudad-de-mexico\/","url_meta":{"origin":10130,"position":5},"title":"Ahora es \u201cMexica\u201d, de Amazon, la que arrasar\u00e1 Xochimilco (Ciudad de M\u00e9xico)","author":"grieta","date":"28 diciembre, 2019","format":false,"excerpt":"Foto: Benjam\u00edn Flores Sara Pantoja \/ Proceso Primero fue Grupo Salinas, que con la producci\u00f3n de su serie televisiva Hern\u00e1n caus\u00f3 da\u00f1os en un \u00c1rea Natural Protegida de Xochimilco. Ahora es un proyecto encabezado por el director de cine Steven Spielberg y el actor Javier Bardem para grabar la serie\u2026","rel":"","context":"En &quot;CINTILLO&quot;","block_context":{"text":"CINTILLO","link":"http:\/\/www.grieta.org.mx\/index.php\/category\/cintillo\/"},"img":{"alt_text":"","src":"https:\/\/i0.wp.com\/www.grieta.org.mx\/wp-content\/uploads\/2019\/12\/Ahora-es-Mexica-de-Amazon-la-que-arrasar%C3%A1-Xochimilco.jpg?resize=350%2C200","width":350,"height":200,"srcset":"https:\/\/i0.wp.com\/www.grieta.org.mx\/wp-content\/uploads\/2019\/12\/Ahora-es-Mexica-de-Amazon-la-que-arrasar%C3%A1-Xochimilco.jpg?resize=350%2C200 1x, https:\/\/i0.wp.com\/www.grieta.org.mx\/wp-content\/uploads\/2019\/12\/Ahora-es-Mexica-de-Amazon-la-que-arrasar%C3%A1-Xochimilco.jpg?resize=525%2C300 1.5x, https:\/\/i0.wp.com\/www.grieta.org.mx\/wp-content\/uploads\/2019\/12\/Ahora-es-Mexica-de-Amazon-la-que-arrasar%C3%A1-Xochimilco.jpg?resize=700%2C400 2x"},"classes":[]}],"_links":{"self":[{"href":"http:\/\/www.grieta.org.mx\/index.php\/wp-json\/wp\/v2\/posts\/10130","targetHints":{"allow":["GET"]}}],"collection":[{"href":"http:\/\/www.grieta.org.mx\/index.php\/wp-json\/wp\/v2\/posts"}],"about":[{"href":"http:\/\/www.grieta.org.mx\/index.php\/wp-json\/wp\/v2\/types\/post"}],"author":[{"embeddable":true,"href":"http:\/\/www.grieta.org.mx\/index.php\/wp-json\/wp\/v2\/users\/2"}],"replies":[{"embeddable":true,"href":"http:\/\/www.grieta.org.mx\/index.php\/wp-json\/wp\/v2\/comments?post=10130"}],"version-history":[{"count":1,"href":"http:\/\/www.grieta.org.mx\/index.php\/wp-json\/wp\/v2\/posts\/10130\/revisions"}],"predecessor-version":[{"id":10131,"href":"http:\/\/www.grieta.org.mx\/index.php\/wp-json\/wp\/v2\/posts\/10130\/revisions\/10131"}],"wp:featuredmedia":[{"embeddable":true,"href":"http:\/\/www.grieta.org.mx\/index.php\/wp-json\/wp\/v2\/media\/21928"}],"wp:attachment":[{"href":"http:\/\/www.grieta.org.mx\/index.php\/wp-json\/wp\/v2\/media?parent=10130"}],"wp:term":[{"taxonomy":"category","embeddable":true,"href":"http:\/\/www.grieta.org.mx\/index.php\/wp-json\/wp\/v2\/categories?post=10130"},{"taxonomy":"post_tag","embeddable":true,"href":"http:\/\/www.grieta.org.mx\/index.php\/wp-json\/wp\/v2\/tags?post=10130"}],"curies":[{"name":"wp","href":"https:\/\/api.w.org\/{rel}","templated":true}]}}