{"id":10125,"date":"2015-03-17T01:54:29","date_gmt":"2015-03-17T01:54:29","guid":{"rendered":"http:\/\/www.grieta.org.mx\/?p=10125"},"modified":"2016-04-11T01:57:35","modified_gmt":"2016-04-11T01:57:35","slug":"walmart-construye-sin-permiso-plaza-comercial-en-xochimilco","status":"publish","type":"post","link":"http:\/\/www.grieta.org.mx\/index.php\/2015\/03\/17\/walmart-construye-sin-permiso-plaza-comercial-en-xochimilco\/","title":{"rendered":"Walmart construye sin permiso plaza comercial en Xochimilco"},"content":{"rendered":"<p>La Jornada<\/p>\n<p>Por Agust\u00edn Salgado<\/p>\n<p>M\u00e9xico, DF. Grupo Walmart construye una plaza comercial en un terreno de m\u00e1s de 30 mil metros cuadrados que hasta finales del mes pasado &#8220;era una zona de \u00e1reas verdes&#8221; del pueblo de Santiago Tepalcatlalpan, denunciaron integrantes de la Coordinaci\u00f3n de Pueblos, Barrios Originarios y Colonias de Xochimilco.<\/p>\n<p>De acuerdo con los ciudadanos &#8220;en ninguna parte de la obra se exhibe la manifestaci\u00f3n de construcci\u00f3n correspondiente&#8221; por lo que no descartan que el desarrollo no cuente con las autorizaciones en materia ambiental y urbana.<\/p>\n<p>Los pobladores originarios, que en 2013 se opusieron sin \u00e9xito a la construcci\u00f3n de un Chedrahui en su comunidad, dieron a conocer este martes un pronunciamiento p\u00fablico en el que se asegura que el uso de suelo del predio, donde se construye la plaza, que \u201cincluir\u00e1 un Sam&#8217;s Club, un Suburbia y un Walmart\u201d es &#8220;habitacional con densidad restringida&#8221;.<\/p>\n<p>Las obras, se asegur\u00f3, iniciaron a principios de mes y ya se han \u201ctalado decenas\u201d de \u00e1rboles. Los ciudadanos exigieron que el Instituto de Verificaci\u00f3n Administrativa del Distrito Federal inspeccione el desarrollo.<\/p>\n<p>\u201cEl delegado de Xochimilco, Miguel \u00c1ngel C\u00e1mara Arango es directamente responsable de que se lleve a cabo esta construcci\u00f3n sin ning\u00fan permiso, como ya ocurri\u00f3 con una tienda Chedraui anteriormente. Que la obra se lleve a cabo sin la manifestaci\u00f3n correspondiente no s\u00f3lo es contrario a las leyes de desarrollo urbano y ambientales sino que tambi\u00e9n pone en riesgo a los trabajadores de la obra\u201d, se advierte en el pronunciamiento.<\/p>\n<p>Los ciudadanos exigieron, de la misma manera que lo hicieron en el caso del Chedrahui, que se respete su derecho a una consulta previa e informada, tal y como est\u00e1 establecido en el Convenio 169 de la Organizaci\u00f3n Internacional del Trabajo (OIT).<\/p>\n<p><a href=\"http:\/\/www.jornada.unam.mx\/ultimas\/2015\/03\/17\/construccion-de-grupo-walmart-sin-autorizacion-en-xochimilco-1171.html\" target=\"_blank\">http:\/\/www.jornada.unam.mx\/ultimas\/2015\/03\/17\/construccion-de-grupo-walmart-sin-autorizacion-en-xochimilco-1171.html<\/a><\/p>\n","protected":false},"excerpt":{"rendered":"<p>La Jornada Por Agust\u00edn Salgado M\u00e9xico, DF. Grupo Walmart construye una plaza comercial en un terreno de m\u00e1s de 30 mil metros cuadrados que hasta finales del mes pasado &#8220;era &hellip; <a href=\"http:\/\/www.grieta.org.mx\/index.php\/2015\/03\/17\/walmart-construye-sin-permiso-plaza-comercial-en-xochimilco\/\" class=\"more-link\">Leer m\u00e1s<\/a><\/p>\n","protected":false},"author":2,"featured_media":21928,"comment_status":"closed","ping_status":"closed","sticky":false,"template":"","format":"standard","meta":{"ngg_post_thumbnail":0,"_jetpack_newsletter_access":"","_jetpack_dont_email_post_to_subs":false,"_jetpack_newsletter_tier_id":0,"_jetpack_memberships_contains_paywalled_content":false,"_jetpack_memberships_contains_paid_content":false,"footnotes":""},"categories":[80],"tags":[395,599],"class_list":["post-10125","post","type-post","status-publish","format-standard","has-post-thumbnail","hentry","category-cintillo","tag-centros-comerciales","tag-xochimilco","entry"],"jetpack_featured_media_url":"http:\/\/www.grieta.org.mx\/wp-content\/uploads\/2018\/03\/14524434_1106112876131411_958039263622046936_o.jpg","jetpack_sharing_enabled":true,"jetpack_shortlink":"https:\/\/wp.me\/p7ZJR4-2Dj","jetpack_likes_enabled":false,"jetpack-related-posts":[{"id":10052,"url":"http:\/\/www.grieta.org.mx\/index.php\/2016\/03\/10\/pueblos-de-xochimilco-contra-megaproyectos\/","url_meta":{"origin":10125,"position":0},"title":"Pueblos de Xochimilco contra megaproyectos","author":"grieta","date":"10 marzo, 2016","format":false,"excerpt":"08\/03\/16. Comunicado. CONTRA PROYECTO ECOTUR\u00cdSTICO en XochimilcoCoordinaci\u00f3n de Pueblos, Barrios Originarios y Colonias de Xochimilco 29\/02\/16. Mapa de megaproyectos en XochimilcoCoordinaci\u00f3n de Pueblos, Barrios Originarios y Colonias de Xochimilco 22\/01\/16. Walmart dejar\u00eda sin agua a colonias enteras de XochimilcoCoordinaci\u00f3n de Pueblos, Barrios Originarios y Colonias de Xochimilco 17\/01\/16. Crean en\u2026","rel":"","context":"En &quot;Ciudad de M\u00e9xico&quot;","block_context":{"text":"Ciudad de M\u00e9xico","link":"http:\/\/www.grieta.org.mx\/index.php\/category\/noticias-nacionales\/ciudad-de-mexico\/"},"img":{"alt_text":"","src":"https:\/\/i0.wp.com\/www.grieta.org.mx\/wp-content\/uploads\/2018\/03\/14524434_1106112876131411_958039263622046936_o.jpg?resize=350%2C200","width":350,"height":200,"srcset":"https:\/\/i0.wp.com\/www.grieta.org.mx\/wp-content\/uploads\/2018\/03\/14524434_1106112876131411_958039263622046936_o.jpg?resize=350%2C200 1x, https:\/\/i0.wp.com\/www.grieta.org.mx\/wp-content\/uploads\/2018\/03\/14524434_1106112876131411_958039263622046936_o.jpg?resize=525%2C300 1.5x, https:\/\/i0.wp.com\/www.grieta.org.mx\/wp-content\/uploads\/2018\/03\/14524434_1106112876131411_958039263622046936_o.jpg?resize=700%2C400 2x"},"classes":[]},{"id":10044,"url":"http:\/\/www.grieta.org.mx\/index.php\/2016\/01\/22\/walmart-dejaria-sin-agua-a-colonias-enteras-de-xochimilco\/","url_meta":{"origin":10125,"position":1},"title":"WALMART DEJAR\u00cdA SIN AGUA A COLONIAS ENTERAS DE XOCHIMILCO","author":"grieta","date":"22 enero, 2016","format":false,"excerpt":"Coordinaci\u00f3n de Pueblos, Barrios Originarios y Colonias de Xochimilco Informaci\u00f3n actualizada sobre el WalMart que se construye en el campo ex pumitas. Derribo de \u00e1rboles y afectaciones a \u00e1reas verdes. De acuerdo al Dictamen de Da\u00f1o Ambiental y la Autorizaci\u00f3n de Impacto Ambiental, expedidos para la obra, fueron derribados m\u00e1s\u2026","rel":"","context":"En &quot;CINTILLO&quot;","block_context":{"text":"CINTILLO","link":"http:\/\/www.grieta.org.mx\/index.php\/category\/cintillo\/"},"img":{"alt_text":"","src":"https:\/\/i0.wp.com\/www.grieta.org.mx\/wp-content\/uploads\/2018\/03\/14524434_1106112876131411_958039263622046936_o.jpg?resize=350%2C200","width":350,"height":200,"srcset":"https:\/\/i0.wp.com\/www.grieta.org.mx\/wp-content\/uploads\/2018\/03\/14524434_1106112876131411_958039263622046936_o.jpg?resize=350%2C200 1x, https:\/\/i0.wp.com\/www.grieta.org.mx\/wp-content\/uploads\/2018\/03\/14524434_1106112876131411_958039263622046936_o.jpg?resize=525%2C300 1.5x, https:\/\/i0.wp.com\/www.grieta.org.mx\/wp-content\/uploads\/2018\/03\/14524434_1106112876131411_958039263622046936_o.jpg?resize=700%2C400 2x"},"classes":[]},{"id":10054,"url":"http:\/\/www.grieta.org.mx\/index.php\/2015\/12\/04\/pueblos-de-xochimilco-en-contra-de-construcciones\/","url_meta":{"origin":10125,"position":2},"title":"Pueblos de Xochimilco en contra de construcciones","author":"grieta","date":"4 diciembre, 2015","format":false,"excerpt":"El Big Data El Congreso de los Pueblos, Barrios Originarios y Colonias de Xochimilco han expuesto las diferentes irregularidades ocurridas dentro de la demarcaci\u00f3n. El Congreso de los Pueblos, Barrios Originarios y Colonias de Xochimilco rechaz\u00f3 la construcci\u00f3n indiscriminada de centros comerciales, plazas y complejos inmobiliarios en la demarcaci\u00f3n, pues\u2026","rel":"","context":"En &quot;cdmx&quot;","block_context":{"text":"cdmx","link":"http:\/\/www.grieta.org.mx\/index.php\/category\/cdmx\/"},"img":{"alt_text":"","src":"https:\/\/i0.wp.com\/www.grieta.org.mx\/wp-content\/uploads\/2018\/03\/14524434_1106112876131411_958039263622046936_o.jpg?resize=350%2C200","width":350,"height":200,"srcset":"https:\/\/i0.wp.com\/www.grieta.org.mx\/wp-content\/uploads\/2018\/03\/14524434_1106112876131411_958039263622046936_o.jpg?resize=350%2C200 1x, https:\/\/i0.wp.com\/www.grieta.org.mx\/wp-content\/uploads\/2018\/03\/14524434_1106112876131411_958039263622046936_o.jpg?resize=525%2C300 1.5x, https:\/\/i0.wp.com\/www.grieta.org.mx\/wp-content\/uploads\/2018\/03\/14524434_1106112876131411_958039263622046936_o.jpg?resize=700%2C400 2x"},"classes":[]},{"id":10118,"url":"http:\/\/www.grieta.org.mx\/index.php\/2015\/03\/21\/suspenden-walmart-sams-y-suburbia-en-xochimilco-habitantes-buscaran-cancelacion-definitiva\/","url_meta":{"origin":10125,"position":3},"title":"Suspenden Walmart, Sams y Suburbia en Xochimilco; habitantes buscar\u00e1n cancelaci\u00f3n definitiva","author":"grieta","date":"21 marzo, 2015","format":false,"excerpt":"Revoluci\u00f3n tres punto cero Por: Alina Rosas Duarte (21 de marzo, 2015).- Horas despu\u00e9s de que vecinos y vecinas de Xochimilco denunciaran la construcci\u00f3n irregular de un Walmart, un Sams y un Suburbia en el poblado de Santiago Tepalcatlalpan, sellos de clausurado fueron puestos por la Delegaci\u00f3n Xochimilco en el\u2026","rel":"","context":"En &quot;CINTILLO&quot;","block_context":{"text":"CINTILLO","link":"http:\/\/www.grieta.org.mx\/index.php\/category\/cintillo\/"},"img":{"alt_text":"","src":"https:\/\/i0.wp.com\/www.grieta.org.mx\/wp-content\/uploads\/2018\/03\/14524434_1106112876131411_958039263622046936_o.jpg?resize=350%2C200","width":350,"height":200,"srcset":"https:\/\/i0.wp.com\/www.grieta.org.mx\/wp-content\/uploads\/2018\/03\/14524434_1106112876131411_958039263622046936_o.jpg?resize=350%2C200 1x, https:\/\/i0.wp.com\/www.grieta.org.mx\/wp-content\/uploads\/2018\/03\/14524434_1106112876131411_958039263622046936_o.jpg?resize=525%2C300 1.5x, https:\/\/i0.wp.com\/www.grieta.org.mx\/wp-content\/uploads\/2018\/03\/14524434_1106112876131411_958039263622046936_o.jpg?resize=700%2C400 2x"},"classes":[]},{"id":10057,"url":"http:\/\/www.grieta.org.mx\/index.php\/2015\/11\/30\/pronunciamiento-del-congreso-de-los-pueblos-contra-los-ilegales-proyectos-comerciales-e-inmobiliarios-en-xochimilco\/","url_meta":{"origin":10125,"position":4},"title":"PRONUNCIAMIENTO DEL CONGRESO DE LOS PUEBLOS CONTRA LOS ILEGALES PROYECTOS COMERCIALES E INMOBILIARIOS EN XOCHIMILCO","author":"grieta","date":"30 noviembre, 2015","format":false,"excerpt":"Coordinaci\u00f3n de Pueblos, Barrios Originarios y Colonias de Xochimilco En el \u201cSegundo Congreso de los Pueblos, Barrios Originarios y Colonias de Xochimilco\u201d, realizado en el pueblo de Santiago Tepalcaltlalpan, el pasado 7 de noviembre, manifestamos el rechazo de los pueblos a las construcciones irregulares que se llevan a cabo actualmente\u2026","rel":"","context":"En &quot;CINTILLO&quot;","block_context":{"text":"CINTILLO","link":"http:\/\/www.grieta.org.mx\/index.php\/category\/cintillo\/"},"img":{"alt_text":"","src":"https:\/\/i0.wp.com\/www.grieta.org.mx\/wp-content\/uploads\/2018\/03\/14524434_1106112876131411_958039263622046936_o.jpg?resize=350%2C200","width":350,"height":200,"srcset":"https:\/\/i0.wp.com\/www.grieta.org.mx\/wp-content\/uploads\/2018\/03\/14524434_1106112876131411_958039263622046936_o.jpg?resize=350%2C200 1x, https:\/\/i0.wp.com\/www.grieta.org.mx\/wp-content\/uploads\/2018\/03\/14524434_1106112876131411_958039263622046936_o.jpg?resize=525%2C300 1.5x, https:\/\/i0.wp.com\/www.grieta.org.mx\/wp-content\/uploads\/2018\/03\/14524434_1106112876131411_958039263622046936_o.jpg?resize=700%2C400 2x"},"classes":[]},{"id":19300,"url":"http:\/\/www.grieta.org.mx\/index.php\/2016\/07\/28\/vecinos-de-xochimilco-padecen-efectos-colaterales-del-boom-inmobiliario\/","url_meta":{"origin":10125,"position":5},"title":"Vecinos de Xochimilco padecen \u201cefectos colaterales\u201d del boom inmobiliario","author":"grieta","date":"28 julio, 2016","format":false,"excerpt":"Daniel Flores Enfrentan da\u00f1os a sus viviendas, escasez de agua y fracturas en el drenaje sin que haya una soluci\u00f3n. El \u201cboom\u201d de plazas comerciales en la delegaci\u00f3n Xochimilco tiene en jaque a los pobladores de esa demarcaci\u00f3n, pues les ha dejado severos da\u00f1os a sus viviendas, escasez de agua\u2026","rel":"","context":"En &quot;cdmx&quot;","block_context":{"text":"cdmx","link":"http:\/\/www.grieta.org.mx\/index.php\/category\/cdmx\/"},"img":{"alt_text":"","src":"https:\/\/i0.wp.com\/www.grieta.org.mx\/wp-content\/uploads\/2018\/03\/14524434_1106112876131411_958039263622046936_o.jpg?resize=350%2C200","width":350,"height":200,"srcset":"https:\/\/i0.wp.com\/www.grieta.org.mx\/wp-content\/uploads\/2018\/03\/14524434_1106112876131411_958039263622046936_o.jpg?resize=350%2C200 1x, https:\/\/i0.wp.com\/www.grieta.org.mx\/wp-content\/uploads\/2018\/03\/14524434_1106112876131411_958039263622046936_o.jpg?resize=525%2C300 1.5x, https:\/\/i0.wp.com\/www.grieta.org.mx\/wp-content\/uploads\/2018\/03\/14524434_1106112876131411_958039263622046936_o.jpg?resize=700%2C400 2x"},"classes":[]}],"_links":{"self":[{"href":"http:\/\/www.grieta.org.mx\/index.php\/wp-json\/wp\/v2\/posts\/10125","targetHints":{"allow":["GET"]}}],"collection":[{"href":"http:\/\/www.grieta.org.mx\/index.php\/wp-json\/wp\/v2\/posts"}],"about":[{"href":"http:\/\/www.grieta.org.mx\/index.php\/wp-json\/wp\/v2\/types\/post"}],"author":[{"embeddable":true,"href":"http:\/\/www.grieta.org.mx\/index.php\/wp-json\/wp\/v2\/users\/2"}],"replies":[{"embeddable":true,"href":"http:\/\/www.grieta.org.mx\/index.php\/wp-json\/wp\/v2\/comments?post=10125"}],"version-history":[{"count":1,"href":"http:\/\/www.grieta.org.mx\/index.php\/wp-json\/wp\/v2\/posts\/10125\/revisions"}],"predecessor-version":[{"id":10126,"href":"http:\/\/www.grieta.org.mx\/index.php\/wp-json\/wp\/v2\/posts\/10125\/revisions\/10126"}],"wp:featuredmedia":[{"embeddable":true,"href":"http:\/\/www.grieta.org.mx\/index.php\/wp-json\/wp\/v2\/media\/21928"}],"wp:attachment":[{"href":"http:\/\/www.grieta.org.mx\/index.php\/wp-json\/wp\/v2\/media?parent=10125"}],"wp:term":[{"taxonomy":"category","embeddable":true,"href":"http:\/\/www.grieta.org.mx\/index.php\/wp-json\/wp\/v2\/categories?post=10125"},{"taxonomy":"post_tag","embeddable":true,"href":"http:\/\/www.grieta.org.mx\/index.php\/wp-json\/wp\/v2\/tags?post=10125"}],"curies":[{"name":"wp","href":"https:\/\/api.w.org\/{rel}","templated":true}]}}