{"id":10118,"date":"2015-03-21T01:49:51","date_gmt":"2015-03-21T01:49:51","guid":{"rendered":"http:\/\/www.grieta.org.mx\/?p=10118"},"modified":"2016-04-11T01:53:29","modified_gmt":"2016-04-11T01:53:29","slug":"suspenden-walmart-sams-y-suburbia-en-xochimilco-habitantes-buscaran-cancelacion-definitiva","status":"publish","type":"post","link":"http:\/\/www.grieta.org.mx\/index.php\/2015\/03\/21\/suspenden-walmart-sams-y-suburbia-en-xochimilco-habitantes-buscaran-cancelacion-definitiva\/","title":{"rendered":"Suspenden Walmart, Sams y Suburbia en Xochimilco; habitantes buscar\u00e1n cancelaci\u00f3n definitiva"},"content":{"rendered":"<p>Revoluci\u00f3n tres punto cero<\/p>\n<p>Por: Alina Rosas Duarte <\/p>\n<p>(21 de marzo, 2015).- Horas despu\u00e9s de que vecinos y vecinas de Xochimilco denunciaran la construcci\u00f3n irregular de un Walmart, un Sams y un Suburbia en el poblado de Santiago Tepalcatlalpan, sellos de clausurado fueron puestos por la Delegaci\u00f3n Xochimilco en el lugar donde la obra se realizaba.<\/p>\n<p>Apenas el pasado 17 de marzo, la Coordinaci\u00f3n de Pueblos, Barrios Originarios y Colonias de Xochimilco se\u00f1al\u00f3 que \u201cla plaza se intenta edificar actualmente sin contar con manifestaci\u00f3n de construcci\u00f3n en el \u00e1rea, por lo que presumimos que no cuenta con autorizaci\u00f3n de impacto ambiental, urbano, o cualquier otro documento que avale la legal edificaci\u00f3n\u201d.<\/p>\n<p><img loading=\"lazy\" decoding=\"async\" data-attachment-id=\"10122\" data-permalink=\"http:\/\/www.grieta.org.mx\/index.php\/2015\/03\/21\/suspenden-walmart-sams-y-suburbia-en-xochimilco-habitantes-buscaran-cancelacion-definitiva\/ccomerxochi1\/\" data-orig-file=\"http:\/\/www.grieta.org.mx\/wp-content\/uploads\/2016\/04\/ccomerXochi1.jpeg\" data-orig-size=\"700,525\" data-comments-opened=\"0\" data-image-meta=\"{&quot;aperture&quot;:&quot;0&quot;,&quot;credit&quot;:&quot;&quot;,&quot;camera&quot;:&quot;&quot;,&quot;caption&quot;:&quot;&quot;,&quot;created_timestamp&quot;:&quot;0&quot;,&quot;copyright&quot;:&quot;&quot;,&quot;focal_length&quot;:&quot;0&quot;,&quot;iso&quot;:&quot;0&quot;,&quot;shutter_speed&quot;:&quot;0&quot;,&quot;title&quot;:&quot;&quot;,&quot;orientation&quot;:&quot;0&quot;}\" data-image-title=\"ccomerXochi1\" data-image-description=\"\" data-image-caption=\"\" data-medium-file=\"http:\/\/www.grieta.org.mx\/wp-content\/uploads\/2016\/04\/ccomerXochi1-300x225.jpeg\" data-large-file=\"http:\/\/www.grieta.org.mx\/wp-content\/uploads\/2016\/04\/ccomerXochi1.jpeg\" src=\"http:\/\/www.grieta.org.mx\/wp-content\/uploads\/2016\/04\/ccomerXochi1.jpeg\" alt=\"ccomerXochi1\" width=\"700\" height=\"525\" class=\"alignnone size-full wp-image-10122\" srcset=\"http:\/\/www.grieta.org.mx\/wp-content\/uploads\/2016\/04\/ccomerXochi1.jpeg 700w, http:\/\/www.grieta.org.mx\/wp-content\/uploads\/2016\/04\/ccomerXochi1-300x225.jpeg 300w\" sizes=\"auto, (max-width: 700px) 100vw, 700px\" \/><\/p>\n<p>Raz\u00f3n por la cual, convocaron a una movilizaci\u00f3n en el lugar conocido tambi\u00e9n como \u201cCampo de Ex Pumitas\u201d, al cual atendieron decenas de vecinos que con preocupaci\u00f3n de ver afectada no s\u00f3lo su vida diaria sino la disminuci\u00f3n de recursos como el agua en sus colonias, protestaron al respecto.<\/p>\n<p>Durante su trayecto que atraves\u00f3 los mercados principales de la delegaci\u00f3n, los inconformes resaltaron el peligro que corren los peque\u00f1os comercios de los cuales la mayor\u00eda de los xochimilcas se sustenta; recordaron que tras la instalaci\u00f3n de dos grandes tiendas de telas como Parisina y Moda Telas, decenas de comercios tuvieron que clausurar lo mismo que en Santiago Tepalcatlalpan tras la construcci\u00f3n, contra la cual tambi\u00e9n se opusieron, de un Chedraui.<\/p>\n<p><img loading=\"lazy\" decoding=\"async\" data-attachment-id=\"10121\" data-permalink=\"http:\/\/www.grieta.org.mx\/index.php\/2015\/03\/21\/suspenden-walmart-sams-y-suburbia-en-xochimilco-habitantes-buscaran-cancelacion-definitiva\/ccomerxochi2\/\" data-orig-file=\"http:\/\/www.grieta.org.mx\/wp-content\/uploads\/2016\/04\/ccomerxochi2.jpeg\" data-orig-size=\"700,525\" data-comments-opened=\"0\" data-image-meta=\"{&quot;aperture&quot;:&quot;0&quot;,&quot;credit&quot;:&quot;&quot;,&quot;camera&quot;:&quot;&quot;,&quot;caption&quot;:&quot;&quot;,&quot;created_timestamp&quot;:&quot;0&quot;,&quot;copyright&quot;:&quot;&quot;,&quot;focal_length&quot;:&quot;0&quot;,&quot;iso&quot;:&quot;0&quot;,&quot;shutter_speed&quot;:&quot;0&quot;,&quot;title&quot;:&quot;&quot;,&quot;orientation&quot;:&quot;0&quot;}\" data-image-title=\"ccomerxochi2\" data-image-description=\"\" data-image-caption=\"\" data-medium-file=\"http:\/\/www.grieta.org.mx\/wp-content\/uploads\/2016\/04\/ccomerxochi2-300x225.jpeg\" data-large-file=\"http:\/\/www.grieta.org.mx\/wp-content\/uploads\/2016\/04\/ccomerxochi2.jpeg\" src=\"http:\/\/www.grieta.org.mx\/wp-content\/uploads\/2016\/04\/ccomerxochi2.jpeg\" alt=\"ccomerxochi2\" width=\"700\" height=\"525\" class=\"alignnone size-full wp-image-10121\" srcset=\"http:\/\/www.grieta.org.mx\/wp-content\/uploads\/2016\/04\/ccomerxochi2.jpeg 700w, http:\/\/www.grieta.org.mx\/wp-content\/uploads\/2016\/04\/ccomerxochi2-300x225.jpeg 300w\" sizes=\"auto, (max-width: 700px) 100vw, 700px\" \/><\/p>\n<p>Al finalizar su recorrido, los inconformes se aglutinaron frente a las oficinas de la delegaci\u00f3n a cargo del perredista Miguel \u00c1ngel C\u00e1mara, quien ante la congregaci\u00f3n de m\u00e1s vecinos que se sumaban a la protesta, se vio en la necesidad de recibirlos en sus oficinas.<\/p>\n<p>El delegado manifest\u00f3 dudas sobre la construcci\u00f3n, de la que dijo, apenas se est\u00e1 averiguando al respecto; no obstante, documentos de la misma delegaci\u00f3n muestran el lugar a construir con uso de suelo \u201chabitacional restringido\u201d, que obligar\u00eda a dejar la clausura de manera permanente.<\/p>\n<p><img loading=\"lazy\" decoding=\"async\" data-attachment-id=\"10120\" data-permalink=\"http:\/\/www.grieta.org.mx\/index.php\/2015\/03\/21\/suspenden-walmart-sams-y-suburbia-en-xochimilco-habitantes-buscaran-cancelacion-definitiva\/ccomerxochi3\/\" data-orig-file=\"http:\/\/www.grieta.org.mx\/wp-content\/uploads\/2016\/04\/ccomerxochi3.jpeg\" data-orig-size=\"700,525\" data-comments-opened=\"0\" data-image-meta=\"{&quot;aperture&quot;:&quot;0&quot;,&quot;credit&quot;:&quot;&quot;,&quot;camera&quot;:&quot;&quot;,&quot;caption&quot;:&quot;&quot;,&quot;created_timestamp&quot;:&quot;0&quot;,&quot;copyright&quot;:&quot;&quot;,&quot;focal_length&quot;:&quot;0&quot;,&quot;iso&quot;:&quot;0&quot;,&quot;shutter_speed&quot;:&quot;0&quot;,&quot;title&quot;:&quot;&quot;,&quot;orientation&quot;:&quot;0&quot;}\" data-image-title=\"ccomerxochi3\" data-image-description=\"\" data-image-caption=\"\" data-medium-file=\"http:\/\/www.grieta.org.mx\/wp-content\/uploads\/2016\/04\/ccomerxochi3-300x225.jpeg\" data-large-file=\"http:\/\/www.grieta.org.mx\/wp-content\/uploads\/2016\/04\/ccomerxochi3.jpeg\" src=\"http:\/\/www.grieta.org.mx\/wp-content\/uploads\/2016\/04\/ccomerxochi3.jpeg\" alt=\"ccomerxochi3\" width=\"700\" height=\"525\" class=\"alignnone size-full wp-image-10120\" srcset=\"http:\/\/www.grieta.org.mx\/wp-content\/uploads\/2016\/04\/ccomerxochi3.jpeg 700w, http:\/\/www.grieta.org.mx\/wp-content\/uploads\/2016\/04\/ccomerxochi3-300x225.jpeg 300w\" sizes=\"auto, (max-width: 700px) 100vw, 700px\" \/><\/p>\n<p>No obstante, en la reuni\u00f3n se dej\u00f3 entre ver que el motivo de la suspensi\u00f3n fueron algunas medidas de seguridad, que de confirmarse, llevar\u00edan a solucionarse en un par de d\u00edas.<\/p>\n<p>Los habitantes de la demarcaci\u00f3n recordaron que el proceso con el Chedraui en Tepalcatlalpan pas\u00f3 por la misma v\u00eda, a pesar de los procesos jur\u00eddicos e incluso restricciones por parte de la Secretar\u00eda de Medio Ambiente y Recursos Naturales (Semarnat), se suspendi\u00f3 la obra pero al final, se inaugur\u00f3 sin objeci\u00f3n alguna.<\/p>\n<p>Tanto miembros de distintos colectivos como poblaci\u00f3n en general que se sum\u00f3 a la protesta de manera inmediata, aseguraron que estar\u00e1n dispuestos a movilizarse en los pr\u00f3ximos d\u00edas acompa\u00f1ado de ser necesario, de un proceso jur\u00eddico a la par que evite la construcci\u00f3n irregular de estos megaproyectos.<\/p>\n<p><img loading=\"lazy\" decoding=\"async\" data-attachment-id=\"10119\" data-permalink=\"http:\/\/www.grieta.org.mx\/index.php\/2015\/03\/21\/suspenden-walmart-sams-y-suburbia-en-xochimilco-habitantes-buscaran-cancelacion-definitiva\/ccomerxochi4\/\" data-orig-file=\"http:\/\/www.grieta.org.mx\/wp-content\/uploads\/2016\/04\/ccomerxochi4.jpeg\" data-orig-size=\"700,525\" data-comments-opened=\"0\" data-image-meta=\"{&quot;aperture&quot;:&quot;0&quot;,&quot;credit&quot;:&quot;&quot;,&quot;camera&quot;:&quot;&quot;,&quot;caption&quot;:&quot;&quot;,&quot;created_timestamp&quot;:&quot;0&quot;,&quot;copyright&quot;:&quot;&quot;,&quot;focal_length&quot;:&quot;0&quot;,&quot;iso&quot;:&quot;0&quot;,&quot;shutter_speed&quot;:&quot;0&quot;,&quot;title&quot;:&quot;&quot;,&quot;orientation&quot;:&quot;0&quot;}\" data-image-title=\"ccomerxochi4\" data-image-description=\"\" data-image-caption=\"\" data-medium-file=\"http:\/\/www.grieta.org.mx\/wp-content\/uploads\/2016\/04\/ccomerxochi4-300x225.jpeg\" data-large-file=\"http:\/\/www.grieta.org.mx\/wp-content\/uploads\/2016\/04\/ccomerxochi4.jpeg\" src=\"http:\/\/www.grieta.org.mx\/wp-content\/uploads\/2016\/04\/ccomerxochi4.jpeg\" alt=\"ccomerxochi4\" width=\"700\" height=\"525\" class=\"alignnone size-full wp-image-10119\" srcset=\"http:\/\/www.grieta.org.mx\/wp-content\/uploads\/2016\/04\/ccomerxochi4.jpeg 700w, http:\/\/www.grieta.org.mx\/wp-content\/uploads\/2016\/04\/ccomerxochi4-300x225.jpeg 300w\" sizes=\"auto, (max-width: 700px) 100vw, 700px\" \/><\/p>\n<p><a href=\"http:\/\/revoluciontrespuntocero.com\/suspenden-walmart-sams-y-suburbia-en-xochimilco-habitantes-buscaran-cancelacion-definitiva\/\" target=\"_blank\">http:\/\/revoluciontrespuntocero.com\/suspenden-walmart-sams-y-suburbia-en-xochimilco-habitantes-buscaran-cancelacion-definitiva\/<\/a><\/p>\n","protected":false},"excerpt":{"rendered":"<p>Revoluci\u00f3n tres punto cero Por: Alina Rosas Duarte (21 de marzo, 2015).- Horas despu\u00e9s de que vecinos y vecinas de Xochimilco denunciaran la construcci\u00f3n irregular de un Walmart, un Sams &hellip; <a href=\"http:\/\/www.grieta.org.mx\/index.php\/2015\/03\/21\/suspenden-walmart-sams-y-suburbia-en-xochimilco-habitantes-buscaran-cancelacion-definitiva\/\" class=\"more-link\">Leer m\u00e1s<\/a><\/p>\n","protected":false},"author":2,"featured_media":21928,"comment_status":"closed","ping_status":"closed","sticky":false,"template":"","format":"standard","meta":{"ngg_post_thumbnail":0,"_jetpack_newsletter_access":"","_jetpack_dont_email_post_to_subs":false,"_jetpack_newsletter_tier_id":0,"_jetpack_memberships_contains_paywalled_content":false,"_jetpack_memberships_contains_paid_content":false,"footnotes":""},"categories":[80],"tags":[395,599],"class_list":["post-10118","post","type-post","status-publish","format-standard","has-post-thumbnail","hentry","category-cintillo","tag-centros-comerciales","tag-xochimilco","entry"],"jetpack_featured_media_url":"http:\/\/www.grieta.org.mx\/wp-content\/uploads\/2018\/03\/14524434_1106112876131411_958039263622046936_o.jpg","jetpack_sharing_enabled":true,"jetpack_shortlink":"https:\/\/wp.me\/p7ZJR4-2Dc","jetpack_likes_enabled":false,"jetpack-related-posts":[{"id":10052,"url":"http:\/\/www.grieta.org.mx\/index.php\/2016\/03\/10\/pueblos-de-xochimilco-contra-megaproyectos\/","url_meta":{"origin":10118,"position":0},"title":"Pueblos de Xochimilco contra megaproyectos","author":"grieta","date":"10 marzo, 2016","format":false,"excerpt":"08\/03\/16. Comunicado. CONTRA PROYECTO ECOTUR\u00cdSTICO en XochimilcoCoordinaci\u00f3n de Pueblos, Barrios Originarios y Colonias de Xochimilco 29\/02\/16. Mapa de megaproyectos en XochimilcoCoordinaci\u00f3n de Pueblos, Barrios Originarios y Colonias de Xochimilco 22\/01\/16. Walmart dejar\u00eda sin agua a colonias enteras de XochimilcoCoordinaci\u00f3n de Pueblos, Barrios Originarios y Colonias de Xochimilco 17\/01\/16. Crean en\u2026","rel":"","context":"En &quot;Ciudad de M\u00e9xico&quot;","block_context":{"text":"Ciudad de M\u00e9xico","link":"http:\/\/www.grieta.org.mx\/index.php\/category\/noticias-nacionales\/ciudad-de-mexico\/"},"img":{"alt_text":"","src":"https:\/\/i0.wp.com\/www.grieta.org.mx\/wp-content\/uploads\/2018\/03\/14524434_1106112876131411_958039263622046936_o.jpg?resize=350%2C200","width":350,"height":200,"srcset":"https:\/\/i0.wp.com\/www.grieta.org.mx\/wp-content\/uploads\/2018\/03\/14524434_1106112876131411_958039263622046936_o.jpg?resize=350%2C200 1x, https:\/\/i0.wp.com\/www.grieta.org.mx\/wp-content\/uploads\/2018\/03\/14524434_1106112876131411_958039263622046936_o.jpg?resize=525%2C300 1.5x, https:\/\/i0.wp.com\/www.grieta.org.mx\/wp-content\/uploads\/2018\/03\/14524434_1106112876131411_958039263622046936_o.jpg?resize=700%2C400 2x"},"classes":[]},{"id":10125,"url":"http:\/\/www.grieta.org.mx\/index.php\/2015\/03\/17\/walmart-construye-sin-permiso-plaza-comercial-en-xochimilco\/","url_meta":{"origin":10118,"position":1},"title":"Walmart construye sin permiso plaza comercial en Xochimilco","author":"grieta","date":"17 marzo, 2015","format":false,"excerpt":"La Jornada Por Agust\u00edn Salgado M\u00e9xico, DF. Grupo Walmart construye una plaza comercial en un terreno de m\u00e1s de 30 mil metros cuadrados que hasta finales del mes pasado \"era una zona de \u00e1reas verdes\" del pueblo de Santiago Tepalcatlalpan, denunciaron integrantes de la Coordinaci\u00f3n de Pueblos, Barrios Originarios y\u2026","rel":"","context":"En &quot;CINTILLO&quot;","block_context":{"text":"CINTILLO","link":"http:\/\/www.grieta.org.mx\/index.php\/category\/cintillo\/"},"img":{"alt_text":"","src":"https:\/\/i0.wp.com\/www.grieta.org.mx\/wp-content\/uploads\/2018\/03\/14524434_1106112876131411_958039263622046936_o.jpg?resize=350%2C200","width":350,"height":200,"srcset":"https:\/\/i0.wp.com\/www.grieta.org.mx\/wp-content\/uploads\/2018\/03\/14524434_1106112876131411_958039263622046936_o.jpg?resize=350%2C200 1x, https:\/\/i0.wp.com\/www.grieta.org.mx\/wp-content\/uploads\/2018\/03\/14524434_1106112876131411_958039263622046936_o.jpg?resize=525%2C300 1.5x, https:\/\/i0.wp.com\/www.grieta.org.mx\/wp-content\/uploads\/2018\/03\/14524434_1106112876131411_958039263622046936_o.jpg?resize=700%2C400 2x"},"classes":[]},{"id":10044,"url":"http:\/\/www.grieta.org.mx\/index.php\/2016\/01\/22\/walmart-dejaria-sin-agua-a-colonias-enteras-de-xochimilco\/","url_meta":{"origin":10118,"position":2},"title":"WALMART DEJAR\u00cdA SIN AGUA A COLONIAS ENTERAS DE XOCHIMILCO","author":"grieta","date":"22 enero, 2016","format":false,"excerpt":"Coordinaci\u00f3n de Pueblos, Barrios Originarios y Colonias de Xochimilco Informaci\u00f3n actualizada sobre el WalMart que se construye en el campo ex pumitas. Derribo de \u00e1rboles y afectaciones a \u00e1reas verdes. De acuerdo al Dictamen de Da\u00f1o Ambiental y la Autorizaci\u00f3n de Impacto Ambiental, expedidos para la obra, fueron derribados m\u00e1s\u2026","rel":"","context":"En &quot;CINTILLO&quot;","block_context":{"text":"CINTILLO","link":"http:\/\/www.grieta.org.mx\/index.php\/category\/cintillo\/"},"img":{"alt_text":"","src":"https:\/\/i0.wp.com\/www.grieta.org.mx\/wp-content\/uploads\/2018\/03\/14524434_1106112876131411_958039263622046936_o.jpg?resize=350%2C200","width":350,"height":200,"srcset":"https:\/\/i0.wp.com\/www.grieta.org.mx\/wp-content\/uploads\/2018\/03\/14524434_1106112876131411_958039263622046936_o.jpg?resize=350%2C200 1x, https:\/\/i0.wp.com\/www.grieta.org.mx\/wp-content\/uploads\/2018\/03\/14524434_1106112876131411_958039263622046936_o.jpg?resize=525%2C300 1.5x, https:\/\/i0.wp.com\/www.grieta.org.mx\/wp-content\/uploads\/2018\/03\/14524434_1106112876131411_958039263622046936_o.jpg?resize=700%2C400 2x"},"classes":[]},{"id":10054,"url":"http:\/\/www.grieta.org.mx\/index.php\/2015\/12\/04\/pueblos-de-xochimilco-en-contra-de-construcciones\/","url_meta":{"origin":10118,"position":3},"title":"Pueblos de Xochimilco en contra de construcciones","author":"grieta","date":"4 diciembre, 2015","format":false,"excerpt":"El Big Data El Congreso de los Pueblos, Barrios Originarios y Colonias de Xochimilco han expuesto las diferentes irregularidades ocurridas dentro de la demarcaci\u00f3n. El Congreso de los Pueblos, Barrios Originarios y Colonias de Xochimilco rechaz\u00f3 la construcci\u00f3n indiscriminada de centros comerciales, plazas y complejos inmobiliarios en la demarcaci\u00f3n, pues\u2026","rel":"","context":"En &quot;cdmx&quot;","block_context":{"text":"cdmx","link":"http:\/\/www.grieta.org.mx\/index.php\/category\/cdmx\/"},"img":{"alt_text":"","src":"https:\/\/i0.wp.com\/www.grieta.org.mx\/wp-content\/uploads\/2018\/03\/14524434_1106112876131411_958039263622046936_o.jpg?resize=350%2C200","width":350,"height":200,"srcset":"https:\/\/i0.wp.com\/www.grieta.org.mx\/wp-content\/uploads\/2018\/03\/14524434_1106112876131411_958039263622046936_o.jpg?resize=350%2C200 1x, https:\/\/i0.wp.com\/www.grieta.org.mx\/wp-content\/uploads\/2018\/03\/14524434_1106112876131411_958039263622046936_o.jpg?resize=525%2C300 1.5x, https:\/\/i0.wp.com\/www.grieta.org.mx\/wp-content\/uploads\/2018\/03\/14524434_1106112876131411_958039263622046936_o.jpg?resize=700%2C400 2x"},"classes":[]},{"id":19009,"url":"http:\/\/www.grieta.org.mx\/index.php\/2016\/08\/01\/pobladores-denuncian-invasion-descontrolada-de-construcciones-en-xochimilco\/","url_meta":{"origin":10118,"position":4},"title":"Pobladores denuncian invasi\u00f3n descontrolada de construcciones en Xochimilco","author":"grieta","date":"1 agosto, 2016","format":false,"excerpt":"Pobladores de la delegaci\u00f3n de Xochimilco denunciaron la invasi\u00f3n descontrolada que sufre a trav\u00e9s de las construcciones de desarrollos inmobiliarios, plazas comerciales y recientemente dos panader\u00edas, las cuales no cuentan con estudios de impacto urbano, ambiental y de movilidad, denunciaron Alejandro Vel\u00e1zquez Z\u00fa\u00f1iga y Minerva Hern\u00e1ndez Trejo de la Coordinaci\u00f3n\u2026","rel":"","context":"En &quot;cdmx&quot;","block_context":{"text":"cdmx","link":"http:\/\/www.grieta.org.mx\/index.php\/category\/cdmx\/"},"img":{"alt_text":"","src":"https:\/\/i0.wp.com\/www.grieta.org.mx\/wp-content\/uploads\/2018\/03\/14524434_1106112876131411_958039263622046936_o.jpg?resize=350%2C200","width":350,"height":200,"srcset":"https:\/\/i0.wp.com\/www.grieta.org.mx\/wp-content\/uploads\/2018\/03\/14524434_1106112876131411_958039263622046936_o.jpg?resize=350%2C200 1x, https:\/\/i0.wp.com\/www.grieta.org.mx\/wp-content\/uploads\/2018\/03\/14524434_1106112876131411_958039263622046936_o.jpg?resize=525%2C300 1.5x, https:\/\/i0.wp.com\/www.grieta.org.mx\/wp-content\/uploads\/2018\/03\/14524434_1106112876131411_958039263622046936_o.jpg?resize=700%2C400 2x"},"classes":[]},{"id":10057,"url":"http:\/\/www.grieta.org.mx\/index.php\/2015\/11\/30\/pronunciamiento-del-congreso-de-los-pueblos-contra-los-ilegales-proyectos-comerciales-e-inmobiliarios-en-xochimilco\/","url_meta":{"origin":10118,"position":5},"title":"PRONUNCIAMIENTO DEL CONGRESO DE LOS PUEBLOS CONTRA LOS ILEGALES PROYECTOS COMERCIALES E INMOBILIARIOS EN XOCHIMILCO","author":"grieta","date":"30 noviembre, 2015","format":false,"excerpt":"Coordinaci\u00f3n de Pueblos, Barrios Originarios y Colonias de Xochimilco En el \u201cSegundo Congreso de los Pueblos, Barrios Originarios y Colonias de Xochimilco\u201d, realizado en el pueblo de Santiago Tepalcaltlalpan, el pasado 7 de noviembre, manifestamos el rechazo de los pueblos a las construcciones irregulares que se llevan a cabo actualmente\u2026","rel":"","context":"En &quot;CINTILLO&quot;","block_context":{"text":"CINTILLO","link":"http:\/\/www.grieta.org.mx\/index.php\/category\/cintillo\/"},"img":{"alt_text":"","src":"https:\/\/i0.wp.com\/www.grieta.org.mx\/wp-content\/uploads\/2018\/03\/14524434_1106112876131411_958039263622046936_o.jpg?resize=350%2C200","width":350,"height":200,"srcset":"https:\/\/i0.wp.com\/www.grieta.org.mx\/wp-content\/uploads\/2018\/03\/14524434_1106112876131411_958039263622046936_o.jpg?resize=350%2C200 1x, https:\/\/i0.wp.com\/www.grieta.org.mx\/wp-content\/uploads\/2018\/03\/14524434_1106112876131411_958039263622046936_o.jpg?resize=525%2C300 1.5x, https:\/\/i0.wp.com\/www.grieta.org.mx\/wp-content\/uploads\/2018\/03\/14524434_1106112876131411_958039263622046936_o.jpg?resize=700%2C400 2x"},"classes":[]}],"_links":{"self":[{"href":"http:\/\/www.grieta.org.mx\/index.php\/wp-json\/wp\/v2\/posts\/10118","targetHints":{"allow":["GET"]}}],"collection":[{"href":"http:\/\/www.grieta.org.mx\/index.php\/wp-json\/wp\/v2\/posts"}],"about":[{"href":"http:\/\/www.grieta.org.mx\/index.php\/wp-json\/wp\/v2\/types\/post"}],"author":[{"embeddable":true,"href":"http:\/\/www.grieta.org.mx\/index.php\/wp-json\/wp\/v2\/users\/2"}],"replies":[{"embeddable":true,"href":"http:\/\/www.grieta.org.mx\/index.php\/wp-json\/wp\/v2\/comments?post=10118"}],"version-history":[{"count":1,"href":"http:\/\/www.grieta.org.mx\/index.php\/wp-json\/wp\/v2\/posts\/10118\/revisions"}],"predecessor-version":[{"id":10123,"href":"http:\/\/www.grieta.org.mx\/index.php\/wp-json\/wp\/v2\/posts\/10118\/revisions\/10123"}],"wp:featuredmedia":[{"embeddable":true,"href":"http:\/\/www.grieta.org.mx\/index.php\/wp-json\/wp\/v2\/media\/21928"}],"wp:attachment":[{"href":"http:\/\/www.grieta.org.mx\/index.php\/wp-json\/wp\/v2\/media?parent=10118"}],"wp:term":[{"taxonomy":"category","embeddable":true,"href":"http:\/\/www.grieta.org.mx\/index.php\/wp-json\/wp\/v2\/categories?post=10118"},{"taxonomy":"post_tag","embeddable":true,"href":"http:\/\/www.grieta.org.mx\/index.php\/wp-json\/wp\/v2\/tags?post=10118"}],"curies":[{"name":"wp","href":"https:\/\/api.w.org\/{rel}","templated":true}]}}