{"id":10060,"date":"2016-01-17T03:49:35","date_gmt":"2016-01-17T03:49:35","guid":{"rendered":"http:\/\/www.grieta.org.mx\/?p=10060"},"modified":"2016-04-10T03:50:58","modified_gmt":"2016-04-10T03:50:58","slug":"crean-en-xicomulco-movimiento-de-resistencia-contra-la-urbanizacion-2","status":"publish","type":"post","link":"http:\/\/www.grieta.org.mx\/index.php\/2016\/01\/17\/crean-en-xicomulco-movimiento-de-resistencia-contra-la-urbanizacion-2\/","title":{"rendered":"Crean en Xicomulco movimiento de resistencia contra la urbanizaci\u00f3n"},"content":{"rendered":"<p>La Jornada<\/p>\n<p>Josefina Quintero M.<\/p>\n<p>Los habitantes se oponen a la construcci\u00f3n de una base de la Marina; &#8220;traer\u00e1 violencia&#8221;, dicen<\/p>\n<p>Advierten que esta instalaci\u00f3n facilitar\u00e1 el proyecto del Arco Sur, que da\u00f1ar\u00e1 sus tierras<\/p>\n<p>Los residentes de San Bartalom\u00e9 Xicomulco cuelgan en puertas, ventanas, muros y alambrados carteles en los que expresan su rechazo a la construcci\u00f3n ah\u00ed de una base de inteligencia <\/p>\n<p>En los l\u00edmites de las delegaciones Xochimilco y Milpa Alta se gesta un movimiento ciudadano de resistencia ante la &#8220;imposici\u00f3n&#8221; de proyectos de urbanizaci\u00f3n en tierras comunales, que empezar\u00edan con la instalaci\u00f3n de una base de inteligencia naval y bodegas de resguardo de material militar de la Marina, lo cual &#8220;traer\u00e1 violencia y muerte&#8221;, advirtieron integrantes de la Comisi\u00f3n en Defensa de las Tierras de San Bartolom\u00e9 Xicomulco.<\/p>\n<p>Desde la entrada al poblado, el cual forma parte de la comunidad de Villa Milpa Alta, se percibe el rechazo de la gente al proyecto, anunciado por decreto presidencial el pasado 8 de octubre sin aviso previo, pese a que se trata de un pueblo originario de usos y costumbres, donde la asamblea comunal es la m\u00e1xima autoridad y toma las decisiones.<\/p>\n<p>En puertas y ventanas de construcciones a medio terminar o casas de l\u00e1mina de asbesto colocaron carteles en los que se lee: &#8220;No a la base naval&#8221;, &#8220;No a la entrada de la Marina&#8221;, &#8220;Xicomulco no ser\u00e1 cuartel&#8221;. Ayer los habitantes realizaron una protesta para manifestar su descontento.<\/p>\n<p>Al rechazo se ha unido la representaci\u00f3n de Bienes Comunales de Milpa Alta, integrada por los nueve pueblos de la demarcaci\u00f3n, los cuales alertaron que la unidad militar que se pretende instalar, en un terreno de m\u00e1s de 7 mil metros cuadrados localizado en el n\u00famero 324 de la avenida 5 de Mayo, facilitar\u00e1 el proyecto de la autopista Arco Sur, que pasar\u00eda a 500 metros de la tierra comunal da\u00f1ando importantes ecosistemas naturales.<\/p>\n<p>Adem\u00e1s que la presencia militar, de acuerdo con la experiencia en otras comunidades, s\u00f3lo llevar\u00e1 al pueblo &#8220;violencia y muerte&#8221; porque los uniformados &#8220;est\u00e1n entrenados para matar&#8221;, se\u00f1al\u00f3 Abelardo Basurto, representante de los bienes comunales del poblado.<\/p>\n<p>Mientras que Pablo Mart\u00ednez, integrante de la Comisi\u00f3n en Defensa de las Tierras de San Bartolom\u00e9 Xicomulco, narr\u00f3 c\u00f3mo fueron despojados del predio, que de un particular pas\u00f3 a la Secretar\u00eda de Comunicaciones y Transportes en 1961 y ahora &#8220;pretenden que sea una base militar de la Marina en nuestras tierras comunales que no vamos a permitir&#8221;, advirti\u00f3.<\/p>\n<p>Durante el mitin, que realizaron justo frente al predio de la avenida 5 de Mayo, exigieron frenar el asedio a sus tierras, adem\u00e1s de solicitar al jefe de Gobierno, Miguel \u00c1ngel Mancera, y al delegado en Milpa Alta, Jorge Alvarado, dar a conocer su posici\u00f3n, debido a que este \u00faltimo ha se\u00f1alado desconocer el problema.<\/p>\n<p>Los pobladores tambi\u00e9n solicitaron el apoyo de otras comunidades de la zona rural del Distrito Federal para evitar que se siga da\u00f1ando el suelo de conservaci\u00f3n, porque en la zona monta\u00f1osa de Milpa Alta se recargan los mantos acu\u00edferos, los cuales ser\u00e1n severamente da\u00f1ados con los nuevos proyectos urbanos.<\/p>\n<p>En el mitin estuvieron representantes de la Procuradur\u00eda Ambiental del Ordenamiento Territorial (PAOT), del gobierno delegacional y de otras comunidades de la monta\u00f1a.<\/p>\n<p><a href=\"http:\/\/www.jornada.unam.mx\/2016\/01\/17\/capital\/027n1cap\" target=\"_blank\">http:\/\/www.jornada.unam.mx\/2016\/01\/17\/capital\/027n1cap<\/a><\/p>\n","protected":false},"excerpt":{"rendered":"<p>La Jornada Josefina Quintero M. Los habitantes se oponen a la construcci\u00f3n de una base de la Marina; &#8220;traer\u00e1 violencia&#8221;, dicen Advierten que esta instalaci\u00f3n facilitar\u00e1 el proyecto del Arco &hellip; <a href=\"http:\/\/www.grieta.org.mx\/index.php\/2016\/01\/17\/crean-en-xicomulco-movimiento-de-resistencia-contra-la-urbanizacion-2\/\" class=\"more-link\">Leer m\u00e1s<\/a><\/p>\n","protected":false},"author":2,"featured_media":21928,"comment_status":"closed","ping_status":"closed","sticky":false,"template":"","format":"standard","meta":{"ngg_post_thumbnail":0,"_jetpack_newsletter_access":"","_jetpack_dont_email_post_to_subs":false,"_jetpack_newsletter_tier_id":0,"_jetpack_memberships_contains_paywalled_content":false,"_jetpack_memberships_contains_paid_content":false,"footnotes":""},"categories":[80],"tags":[338,599],"class_list":["post-10060","post","type-post","status-publish","format-standard","has-post-thumbnail","hentry","category-cintillo","tag-milpa-alta","tag-xochimilco","entry"],"jetpack_featured_media_url":"http:\/\/www.grieta.org.mx\/wp-content\/uploads\/2018\/03\/14524434_1106112876131411_958039263622046936_o.jpg","jetpack_sharing_enabled":true,"jetpack_shortlink":"https:\/\/wp.me\/p7ZJR4-2Cg","jetpack_likes_enabled":false,"jetpack-related-posts":[{"id":9566,"url":"http:\/\/www.grieta.org.mx\/index.php\/2016\/01\/17\/crean-en-xicomulco-movimiento-de-resistencia-contra-la-urbanizacion\/","url_meta":{"origin":10060,"position":0},"title":"Crean en Xicomulco movimiento de resistencia contra la urbanizaci\u00f3n","author":"grieta","date":"17 enero, 2016","format":false,"excerpt":"La Jornada Los habitantes se oponen a la construcci\u00f3n de una base de la Marina; traer\u00e1 violencia, dicen Advierten que esta instalaci\u00f3n facilitar\u00e1 el proyecto del Arco Sur, que da\u00f1ar\u00e1 sus tierras Los residentes de San Bartalom\u00e9 Xicomulco cuelgan en puertas, ventanas, muros y alambrados carteles en los que expresan\u2026","rel":"","context":"En &quot;CINTILLO&quot;","block_context":{"text":"CINTILLO","link":"http:\/\/www.grieta.org.mx\/index.php\/category\/cintillo\/"},"img":{"alt_text":"","src":"https:\/\/i0.wp.com\/www.grieta.org.mx\/wp-content\/uploads\/2018\/03\/14524434_1106112876131411_958039263622046936_o.jpg?resize=350%2C200","width":350,"height":200,"srcset":"https:\/\/i0.wp.com\/www.grieta.org.mx\/wp-content\/uploads\/2018\/03\/14524434_1106112876131411_958039263622046936_o.jpg?resize=350%2C200 1x, https:\/\/i0.wp.com\/www.grieta.org.mx\/wp-content\/uploads\/2018\/03\/14524434_1106112876131411_958039263622046936_o.jpg?resize=525%2C300 1.5x, https:\/\/i0.wp.com\/www.grieta.org.mx\/wp-content\/uploads\/2018\/03\/14524434_1106112876131411_958039263622046936_o.jpg?resize=700%2C400 2x"},"classes":[]},{"id":4152,"url":"http:\/\/www.grieta.org.mx\/index.php\/2016\/03\/21\/denuncias-de-despojo-y-proteccion-de-tierras-por-comuneros-de-milpa-alta\/","url_meta":{"origin":10060,"position":1},"title":"Denuncias de despojo y protecci\u00f3n de tierras por comuneros de Milpa Alta","author":"grieta","date":"21 marzo, 2016","format":false,"excerpt":"10\/03\/16. Guardia Forestal, defensa del pulm\u00f3n de la Ciudad de M\u00e9xicoDesinform\u00e9monos 25\/01\/16. La Marina insiste en levantar un cuartel sobre las tierras que quitan la sed a la Ciudad de M\u00e9xicoDesinform\u00e9monos 17\/01\/16. Crean en Xicomulco movimiento de resistencia contra la urbanizaci\u00f3nLa Jornada 21\/12\/15. Rechazan en Ciudad de M\u00e9xico la construcci\u00f3n\u2026","rel":"","context":"En &quot;Ciudad de M\u00e9xico&quot;","block_context":{"text":"Ciudad de M\u00e9xico","link":"http:\/\/www.grieta.org.mx\/index.php\/category\/noticias-nacionales\/ciudad-de-mexico\/"},"img":{"alt_text":"","src":"https:\/\/i0.wp.com\/www.grieta.org.mx\/wp-content\/uploads\/2018\/03\/14524434_1106112876131411_958039263622046936_o.jpg?resize=350%2C200","width":350,"height":200,"srcset":"https:\/\/i0.wp.com\/www.grieta.org.mx\/wp-content\/uploads\/2018\/03\/14524434_1106112876131411_958039263622046936_o.jpg?resize=350%2C200 1x, https:\/\/i0.wp.com\/www.grieta.org.mx\/wp-content\/uploads\/2018\/03\/14524434_1106112876131411_958039263622046936_o.jpg?resize=525%2C300 1.5x, https:\/\/i0.wp.com\/www.grieta.org.mx\/wp-content\/uploads\/2018\/03\/14524434_1106112876131411_958039263622046936_o.jpg?resize=700%2C400 2x"},"classes":[]},{"id":9575,"url":"http:\/\/www.grieta.org.mx\/index.php\/2015\/10\/27\/alerta-de-comuneros-y-comuneras-de-los-nueve-pueblos-de-milpa-alta\/","url_meta":{"origin":10060,"position":2},"title":"ALERTA DE COMUNEROS Y COMUNERAS DE LOS NUEVE PUEBLOS DE MILPA ALTA","author":"grieta","date":"27 octubre, 2015","format":false,"excerpt":"REPRESENTACI\u00d3N GENERAL DE BIENES COMUNALES\u00a0DE MILPA ALTA Y PUEBLOS ANEXOS A L E R T A\u00a0 COMUNEROS Y COMUNERAS DE LOS NUEVE PUEBLOS DE MILPA ALTA POBLACI\u00d3N EN GENERAL El gobierno Federal, el gobierno del Distrito Federal y la jefatura delegacional en Milpa Alta pretenden imponer proyectos en nuestras tierras\u2026","rel":"","context":"En &quot;CINTILLO&quot;","block_context":{"text":"CINTILLO","link":"http:\/\/www.grieta.org.mx\/index.php\/category\/cintillo\/"},"img":{"alt_text":"","src":"https:\/\/i0.wp.com\/www.grieta.org.mx\/wp-content\/uploads\/2018\/03\/14524434_1106112876131411_958039263622046936_o.jpg?resize=350%2C200","width":350,"height":200,"srcset":"https:\/\/i0.wp.com\/www.grieta.org.mx\/wp-content\/uploads\/2018\/03\/14524434_1106112876131411_958039263622046936_o.jpg?resize=350%2C200 1x, https:\/\/i0.wp.com\/www.grieta.org.mx\/wp-content\/uploads\/2018\/03\/14524434_1106112876131411_958039263622046936_o.jpg?resize=525%2C300 1.5x, https:\/\/i0.wp.com\/www.grieta.org.mx\/wp-content\/uploads\/2018\/03\/14524434_1106112876131411_958039263622046936_o.jpg?resize=700%2C400 2x"},"classes":[]},{"id":9572,"url":"http:\/\/www.grieta.org.mx\/index.php\/2015\/12\/14\/nuestra-tierra-no-sera-cuartel-comuneros-de-milpa-alta\/","url_meta":{"origin":10060,"position":3},"title":"\u201cNuestra tierra no ser\u00e1 cuartel\u201d: Comuneros de Milpa Alta","author":"grieta","date":"14 diciembre, 2015","format":false,"excerpt":"Punto por punto Advierten que no permitir\u00e1n que se construya una base naval en el pueblo de San Bartolom\u00e9 Xicomulco Nora Nancy Gaspar Res\u00e9ndiz Desde la orilla de la carretera, que divide en dos una loma repleta de verdes \u00e1rboles, se observan a lo lejos cuatro habitaciones con fachada blanca,\u2026","rel":"","context":"En &quot;CINTILLO&quot;","block_context":{"text":"CINTILLO","link":"http:\/\/www.grieta.org.mx\/index.php\/category\/cintillo\/"},"img":{"alt_text":"","src":"https:\/\/i0.wp.com\/www.grieta.org.mx\/wp-content\/uploads\/2018\/03\/14524434_1106112876131411_958039263622046936_o.jpg?resize=350%2C200","width":350,"height":200,"srcset":"https:\/\/i0.wp.com\/www.grieta.org.mx\/wp-content\/uploads\/2018\/03\/14524434_1106112876131411_958039263622046936_o.jpg?resize=350%2C200 1x, https:\/\/i0.wp.com\/www.grieta.org.mx\/wp-content\/uploads\/2018\/03\/14524434_1106112876131411_958039263622046936_o.jpg?resize=525%2C300 1.5x, https:\/\/i0.wp.com\/www.grieta.org.mx\/wp-content\/uploads\/2018\/03\/14524434_1106112876131411_958039263622046936_o.jpg?resize=700%2C400 2x"},"classes":[]},{"id":10052,"url":"http:\/\/www.grieta.org.mx\/index.php\/2016\/03\/10\/pueblos-de-xochimilco-contra-megaproyectos\/","url_meta":{"origin":10060,"position":4},"title":"Pueblos de Xochimilco contra megaproyectos","author":"grieta","date":"10 marzo, 2016","format":false,"excerpt":"08\/03\/16. Comunicado. CONTRA PROYECTO ECOTUR\u00cdSTICO en XochimilcoCoordinaci\u00f3n de Pueblos, Barrios Originarios y Colonias de Xochimilco 29\/02\/16. Mapa de megaproyectos en XochimilcoCoordinaci\u00f3n de Pueblos, Barrios Originarios y Colonias de Xochimilco 22\/01\/16. Walmart dejar\u00eda sin agua a colonias enteras de XochimilcoCoordinaci\u00f3n de Pueblos, Barrios Originarios y Colonias de Xochimilco 17\/01\/16. Crean en\u2026","rel":"","context":"En &quot;Ciudad de M\u00e9xico&quot;","block_context":{"text":"Ciudad de M\u00e9xico","link":"http:\/\/www.grieta.org.mx\/index.php\/category\/noticias-nacionales\/ciudad-de-mexico\/"},"img":{"alt_text":"","src":"https:\/\/i0.wp.com\/www.grieta.org.mx\/wp-content\/uploads\/2018\/03\/14524434_1106112876131411_958039263622046936_o.jpg?resize=350%2C200","width":350,"height":200,"srcset":"https:\/\/i0.wp.com\/www.grieta.org.mx\/wp-content\/uploads\/2018\/03\/14524434_1106112876131411_958039263622046936_o.jpg?resize=350%2C200 1x, https:\/\/i0.wp.com\/www.grieta.org.mx\/wp-content\/uploads\/2018\/03\/14524434_1106112876131411_958039263622046936_o.jpg?resize=525%2C300 1.5x, https:\/\/i0.wp.com\/www.grieta.org.mx\/wp-content\/uploads\/2018\/03\/14524434_1106112876131411_958039263622046936_o.jpg?resize=700%2C400 2x"},"classes":[]},{"id":9562,"url":"http:\/\/www.grieta.org.mx\/index.php\/2016\/01\/25\/la-marina-insiste-en-levantar-un-cuartel-sobre-las-tierras-que-quitan-la-sed-a-la-ciudad-de-mexico\/","url_meta":{"origin":10060,"position":5},"title":"La Marina insiste en levantar un cuartel sobre las tierras que quitan la sed a la Ciudad de M\u00e9xico","author":"grieta","date":"25 enero, 2016","format":false,"excerpt":"Desinform\u00e9monos Eliana Gilet Milpa Alta, Ciudad de M\u00e9xico. El traspaso a la Secretar\u00eda de Marina de un predio de 7 mil metros en la delegaci\u00f3n Milpa Alta, la zona rural de la reci\u00e9n nombrada Ciudad de M\u00e9xico, puso en alerta a la comunidad de San Bartolo. Un arco de piedra\u2026","rel":"","context":"En &quot;CINTILLO&quot;","block_context":{"text":"CINTILLO","link":"http:\/\/www.grieta.org.mx\/index.php\/category\/cintillo\/"},"img":{"alt_text":"","src":"https:\/\/i0.wp.com\/www.grieta.org.mx\/wp-content\/uploads\/2018\/03\/14524434_1106112876131411_958039263622046936_o.jpg?resize=350%2C200","width":350,"height":200,"srcset":"https:\/\/i0.wp.com\/www.grieta.org.mx\/wp-content\/uploads\/2018\/03\/14524434_1106112876131411_958039263622046936_o.jpg?resize=350%2C200 1x, https:\/\/i0.wp.com\/www.grieta.org.mx\/wp-content\/uploads\/2018\/03\/14524434_1106112876131411_958039263622046936_o.jpg?resize=525%2C300 1.5x, https:\/\/i0.wp.com\/www.grieta.org.mx\/wp-content\/uploads\/2018\/03\/14524434_1106112876131411_958039263622046936_o.jpg?resize=700%2C400 2x"},"classes":[]}],"_links":{"self":[{"href":"http:\/\/www.grieta.org.mx\/index.php\/wp-json\/wp\/v2\/posts\/10060","targetHints":{"allow":["GET"]}}],"collection":[{"href":"http:\/\/www.grieta.org.mx\/index.php\/wp-json\/wp\/v2\/posts"}],"about":[{"href":"http:\/\/www.grieta.org.mx\/index.php\/wp-json\/wp\/v2\/types\/post"}],"author":[{"embeddable":true,"href":"http:\/\/www.grieta.org.mx\/index.php\/wp-json\/wp\/v2\/users\/2"}],"replies":[{"embeddable":true,"href":"http:\/\/www.grieta.org.mx\/index.php\/wp-json\/wp\/v2\/comments?post=10060"}],"version-history":[{"count":1,"href":"http:\/\/www.grieta.org.mx\/index.php\/wp-json\/wp\/v2\/posts\/10060\/revisions"}],"predecessor-version":[{"id":10061,"href":"http:\/\/www.grieta.org.mx\/index.php\/wp-json\/wp\/v2\/posts\/10060\/revisions\/10061"}],"wp:featuredmedia":[{"embeddable":true,"href":"http:\/\/www.grieta.org.mx\/index.php\/wp-json\/wp\/v2\/media\/21928"}],"wp:attachment":[{"href":"http:\/\/www.grieta.org.mx\/index.php\/wp-json\/wp\/v2\/media?parent=10060"}],"wp:term":[{"taxonomy":"category","embeddable":true,"href":"http:\/\/www.grieta.org.mx\/index.php\/wp-json\/wp\/v2\/categories?post=10060"},{"taxonomy":"post_tag","embeddable":true,"href":"http:\/\/www.grieta.org.mx\/index.php\/wp-json\/wp\/v2\/tags?post=10060"}],"curies":[{"name":"wp","href":"https:\/\/api.w.org\/{rel}","templated":true}]}}