{"id":10057,"date":"2015-11-30T03:46:27","date_gmt":"2015-11-30T03:46:27","guid":{"rendered":"http:\/\/www.grieta.org.mx\/?p=10057"},"modified":"2016-04-10T03:48:39","modified_gmt":"2016-04-10T03:48:39","slug":"pronunciamiento-del-congreso-de-los-pueblos-contra-los-ilegales-proyectos-comerciales-e-inmobiliarios-en-xochimilco","status":"publish","type":"post","link":"http:\/\/www.grieta.org.mx\/index.php\/2015\/11\/30\/pronunciamiento-del-congreso-de-los-pueblos-contra-los-ilegales-proyectos-comerciales-e-inmobiliarios-en-xochimilco\/","title":{"rendered":"PRONUNCIAMIENTO DEL CONGRESO DE LOS PUEBLOS CONTRA LOS ILEGALES PROYECTOS COMERCIALES E INMOBILIARIOS EN XOCHIMILCO"},"content":{"rendered":"<p>Coordinaci\u00f3n de Pueblos, Barrios Originarios y Colonias de Xochimilco<\/p>\n<p>En el \u201cSegundo Congreso de los Pueblos, Barrios Originarios y Colonias de Xochimilco\u201d, realizado en el pueblo de Santiago Tepalcaltlalpan, el pasado 7 de noviembre, manifestamos el rechazo de los pueblos a las construcciones irregulares que se llevan a cabo actualmente en toda la delegaci\u00f3n.<\/p>\n<p>Por lo anterior realizamos el siguiente<\/p>\n<p>PRONUNCIAMIENTO DEL CONGRESO DE LOS PUEBLOS CONTRA LOS ILEGALES PROYECTOS COMERCIALES E INMOBILIARIOS EN XOCHIMILCO<\/p>\n<p>En los \u00faltimos a\u00f1os en la delegaci\u00f3n Xochimilco ha avanzado un agresivo proceso de destrucci\u00f3n del medio ambiente, del patrimonio cultural, y de despojo del territorio.<\/p>\n<p>Las plazas comerciales y los complejos inmobiliarios que se pretenden construir se presentan como \u201cproyectos modernizadores\u201d, pero no toman en cuenta los usos y costumbres que los pueblos tienen arraigados, ni la especial situaci\u00f3n de la zona en materia de servicios o vialidades. De acuerdo a un documento emitido por el Sistema de Aguas de la Ciudad de M\u00e9xico (SACMEX), pr\u00e1cticamente la totalidad de la delegaci\u00f3n tiene negada la factibilidad de servicios hidr\u00e1ulicos para nuevos desarrollos. La situaci\u00f3n no es desconocida por los habitantes de Xochimilco: no hay agua suficiente y de calidad para el consumo humano.<\/p>\n<p>En todos los proyectos se ha violado el derecho a la consulta previa de los pueblos originarios de Xochimilco y se ha afectado el derecho a la vivienda, el derecho al agua, el derecho al control del territorio y adem\u00e1s, la econom\u00eda local.<\/p>\n<p>De forma breve, citamos las irregularidades as\u00ed como algunas de las afectaciones de cada plaza comercial:<\/p>\n<p>Plaza Terrazas Arenal, Santa Mar\u00eda Tepepan.<\/p>\n<p>Irregularidades:<\/p>\n<p>1. El actual delegado de Xochimilco, Avelino M\u00e9ndez, se comprometi\u00f3 a clausurar esta obra cuando entrara en funciones, acci\u00f3n que no ha realizado a un mes de dicha promesa.<\/p>\n<p>2. Se ignor\u00f3 la consulta ciudadana realizada en julio de 2015 en la que el pueblo originario de Santa Mar\u00eda Tepepan rechaz\u00f3 la plaza debido a las afectaciones en su econom\u00eda local, la insuficiente capacidad en la vialidad, y por si fuera poco los da\u00f1os a la infraestructura de varias viviendas aleda\u00f1as en el inicio de dicha construcci\u00f3n.<\/p>\n<p>Afectaciones:<\/p>\n<p>1. Afecta el patrimonio cultural material e inmaterial, ya que se encuentra en un \u00e1rea de conservaci\u00f3n patrimonial.<\/p>\n<p>2. Durante su construcci\u00f3n ha da\u00f1ado de forma grave a casas vecinas.<\/p>\n<p>3. A pesar de que a\u00fan no se termina su construcci\u00f3n ya afect\u00f3 vialidades y servicios hidr\u00e1ulicos, pues se tuvo que cerrar una calle debido a da\u00f1os en las tuber\u00edas provocados dicha plaza.<\/p>\n<p>4. Impactar\u00e1 en el suministro de algunos servicios p\u00fablicos, como el agua, debido a las grandes cantidades que requiere para su funcionamiento.<\/p>\n<p>5. Atraer\u00e1 mayor aforo vehicular, lo cual provocar\u00e1 embotellamientos en una de las principales salidas de Xochimilco.<\/p>\n<p>Chedraui, Santiago Tulyehualco.<\/p>\n<p>Irregularidades:<\/p>\n<p>1. No cuenta con factibilidad de servicios hidr\u00e1ulicos, pues en todo el pueblo de Santiago est\u00e1 negada la posibilidad de nuevos desarrollos por parte del SACMEX.<\/p>\n<p>2. Se viol\u00f3 el derecho a la consulta del pueblo Santiago Tulyehualco.<\/p>\n<p>Afectaciones:<\/p>\n<p>1. Tendr\u00e1 un impacto en la econom\u00eda local, pues los supermercados desplazan a los comercios locales (como tiendas de abarrotes, farmacias, verduler\u00edas, carnicer\u00edas y papeler\u00edas) ya que al vender productos con \u201cprecios bajos\u201d, las personas prefieren comprarle a ellos que a los peque\u00f1os comercios. Nota: Estos \u201cprecios bajos\u201d se consiguen a costa de la explotaci\u00f3n del medio ambiente y las personas.<\/p>\n<p>2. Las condiciones laborales de las personas ser\u00e1n terribles, pues las jornadas de trabajo exceden las 12 horas sin pago por horas extra ni seguro m\u00e9dico.<\/p>\n<p>3. Promueve un cambio en los h\u00e1bitos de consumo por parte de los habitantes del pueblo, pues facilita que compren en supermercados en vez de opciones locales como mercados o tianguis, alej\u00e1ndolos de aspectos<\/p>\n<p>Walmart, Suburbia y Sam\u00b4s Club en campo ex pumitas, San Lucas Xochimanca-Santiago Tepalcatlalpan<\/p>\n<p>Irregularidades:<\/p>\n<p>1. La construcci\u00f3n se realiza en un \u00e1rea con aprovechamiento de uso de suelo habitacional.<\/p>\n<p>2. No se consult\u00f3 al pueblo de Santiago Tepalcatlalpan sobre la construcci\u00f3n del inmueble.<\/p>\n<p>3. No hay factibilidad para la dotaci\u00f3n de servicios hidr\u00e1ulicos ni dictamen de impacto ambiental.<\/p>\n<p>Afectaciones:<\/p>\n<p>1. La obra afectar\u00eda a\u00fan m\u00e1s el vaso regulador de San Lucas Xochimanca, que ya cuenta con un severo caso de contaminaci\u00f3n ambiental.<\/p>\n<p>2. Se talaron \u00e1rboles indiscriminadamente.<\/p>\n<p>3. Tendr\u00e1 un impacto en la econom\u00eda local, pues los supermercados desplazan a los comercios locales (como tiendas de abarrotes, farmacias, verduler\u00edas, carnicer\u00edas y papeler\u00edas) ya que al vender productos con precios bajos, las personas prefieren comprarle a ellos que a los peque\u00f1os comercios.<\/p>\n<p>4. Las condiciones laborales de las personas ser\u00e1n terribles, pues las jornadas de trabajo exceden las 12 horas sin pago por horas extra ni seguro m\u00e9dico.<\/p>\n<p>5. Promueve un cambio en los h\u00e1bitos de consumo por parte de los habitantes del pueblo, pues facilita que compren en supermercados en vez de opciones locales como mercados o tianguis.<\/p>\n<p>Tepepan Country Club, Santa Cruz Xochitepec.<\/p>\n<p>Irregularidades:<\/p>\n<p>1. Se otorg\u00f3 una licencia de construcci\u00f3n especial por 3 a\u00f1os, cuando en el reglamento de construcciones lo permitido es s\u00f3lo de un a\u00f1o.<\/p>\n<p>2. Est\u00e1 prohibida la construcci\u00f3n de 86 casas, as\u00ed como del club deportivo en el suelo de conservaci\u00f3n del pueblo de Santa Cruz Xochitepec.<\/p>\n<p>3. Permitieron construir en una superficie de construcci\u00f3n de m\u00e1s de 20 mil metros cuadrados cuando el l\u00edmite en esta \u00e1rea de conservaci\u00f3n es de 3 mil.<\/p>\n<p>Afectaciones:<\/p>\n<p>1. Al estar en un suelo de conservaci\u00f3n, la cuenca del Cerro de Santa Cruz Xochitepec ha fungido como una de las mayores zonas de captaci\u00f3n de agua pluvial en el Distrito Federal, por lo cual el abastecimiento del vital l\u00edquido para el pueblo y distintas zonas del D.F se ver\u00e1 seriamente reducido.<\/p>\n<p>Por lo anterior, exigimos al jefe delegacional de Xochimilco, Avelino M\u00e9ndez:<\/p>\n<p>\u2022 Que las labores para la investigaci\u00f3n y clausura de estas obras se apresuren y se haga uso de las facultades establecidas en el Reglamento de Construcciones de forma inmediata.<\/p>\n<p>\u2022 Que inicien los juicios de lesividad correspondientes a fin de declarar la nulidad de todos los permisos otorgados.<\/p>\n<p>Al Jefe de Gobierno del Distrito Federal, Miguel \u00c1ngel Mancera:<\/p>\n<p>* Exigimos reconocimiento del derecho a la consulta previa de los pueblos originarios para la elaboraci\u00f3n del Programa de Desarrollo Urbano del Distrito Federal (PDU).<\/p>\n<p>* Rechazamos que el Consejo para el Desarrollo Urbano Sustentable (CONDUSE) sea visto como una consulta a los pueblos.<\/p>\n<p>Al Instituto de Verificaci\u00f3n Administrativa y la Direcci\u00f3n Ejecutiva de Vigilancia Ambiental exigimos:<\/p>\n<p>* La revisi\u00f3n exhaustiva de las irregularidades cometidas en dichas construcciones y la clausura inmediata de las obras.<\/p>\n<p>A los diputados electos por Xochimilco en la Asamblea Legislativa del D.F. solicitamos:<\/p>\n<p>* La emisi\u00f3n de puntos de acuerdo exhortando a las autoridades del Distrito Federal para que clausuren de forma inmediata las obras antes mencionadas.<\/p>\n<p>Al pueblo de Xochimilco:<\/p>\n<p>Lo invitamos a informarse sobre los impactos y las afectaciones que estas obras traer\u00e1n consigo, as\u00ed como a participar en las denuncias, manifestaciones, asambleas y actividades en contra de las construcciones. No se dejen enga\u00f1ar por los argumentos de \u201cprogreso\u201d y \u201cdesarrollo\u201d. No permitamos que contin\u00fae la violaci\u00f3n de nuestros derechos ni el despojo de nuestros recursos para favorecer a un peque\u00f1o sector de la poblaci\u00f3n, por ello debemos tener como prioridad la resoluci\u00f3n de las necesidades b\u00e1sicas.<\/p>\n<p>Por un Xochimilco libre de megaproyectos,<\/p>\n<p>Congreso de los Pueblos, Barrios Originarios y Colonias de Xochimilco<\/p>\n<p><a href=\"https:\/\/cpbocx.wordpress.com\/2015\/11\/30\/pronunciamiento-del-congreso-de-los-pueblos-contra-los-ilegales-proyectos-comerciales-e-inmobiliarios-en-xochimilco\/\" target=\"_blank\">https:\/\/cpbocx.wordpress.com\/2015\/11\/30\/pronunciamiento-del-congreso-de-los-pueblos-contra-los-ilegales-proyectos-comerciales-e-inmobiliarios-en-xochimilco\/<\/a><\/p>\n","protected":false},"excerpt":{"rendered":"<p>Coordinaci\u00f3n de Pueblos, Barrios Originarios y Colonias de Xochimilco En el \u201cSegundo Congreso de los Pueblos, Barrios Originarios y Colonias de Xochimilco\u201d, realizado en el pueblo de Santiago Tepalcaltlalpan, el &hellip; <a href=\"http:\/\/www.grieta.org.mx\/index.php\/2015\/11\/30\/pronunciamiento-del-congreso-de-los-pueblos-contra-los-ilegales-proyectos-comerciales-e-inmobiliarios-en-xochimilco\/\" class=\"more-link\">Leer m\u00e1s<\/a><\/p>\n","protected":false},"author":2,"featured_media":21928,"comment_status":"closed","ping_status":"closed","sticky":false,"template":"","format":"standard","meta":{"ngg_post_thumbnail":0,"_jetpack_newsletter_access":"","_jetpack_dont_email_post_to_subs":false,"_jetpack_newsletter_tier_id":0,"_jetpack_memberships_contains_paywalled_content":false,"_jetpack_memberships_contains_paid_content":false,"footnotes":""},"categories":[80],"tags":[599],"class_list":["post-10057","post","type-post","status-publish","format-standard","has-post-thumbnail","hentry","category-cintillo","tag-xochimilco","entry"],"jetpack_featured_media_url":"http:\/\/www.grieta.org.mx\/wp-content\/uploads\/2018\/03\/14524434_1106112876131411_958039263622046936_o.jpg","jetpack_sharing_enabled":true,"jetpack_shortlink":"https:\/\/wp.me\/p7ZJR4-2Cd","jetpack_likes_enabled":false,"jetpack-related-posts":[{"id":10052,"url":"http:\/\/www.grieta.org.mx\/index.php\/2016\/03\/10\/pueblos-de-xochimilco-contra-megaproyectos\/","url_meta":{"origin":10057,"position":0},"title":"Pueblos de Xochimilco contra megaproyectos","author":"grieta","date":"10 marzo, 2016","format":false,"excerpt":"08\/03\/16. Comunicado. CONTRA PROYECTO ECOTUR\u00cdSTICO en XochimilcoCoordinaci\u00f3n de Pueblos, Barrios Originarios y Colonias de Xochimilco 29\/02\/16. Mapa de megaproyectos en XochimilcoCoordinaci\u00f3n de Pueblos, Barrios Originarios y Colonias de Xochimilco 22\/01\/16. Walmart dejar\u00eda sin agua a colonias enteras de XochimilcoCoordinaci\u00f3n de Pueblos, Barrios Originarios y Colonias de Xochimilco 17\/01\/16. Crean en\u2026","rel":"","context":"En &quot;Ciudad de M\u00e9xico&quot;","block_context":{"text":"Ciudad de M\u00e9xico","link":"http:\/\/www.grieta.org.mx\/index.php\/category\/noticias-nacionales\/ciudad-de-mexico\/"},"img":{"alt_text":"","src":"https:\/\/i0.wp.com\/www.grieta.org.mx\/wp-content\/uploads\/2018\/03\/14524434_1106112876131411_958039263622046936_o.jpg?resize=350%2C200","width":350,"height":200,"srcset":"https:\/\/i0.wp.com\/www.grieta.org.mx\/wp-content\/uploads\/2018\/03\/14524434_1106112876131411_958039263622046936_o.jpg?resize=350%2C200 1x, https:\/\/i0.wp.com\/www.grieta.org.mx\/wp-content\/uploads\/2018\/03\/14524434_1106112876131411_958039263622046936_o.jpg?resize=525%2C300 1.5x, https:\/\/i0.wp.com\/www.grieta.org.mx\/wp-content\/uploads\/2018\/03\/14524434_1106112876131411_958039263622046936_o.jpg?resize=700%2C400 2x"},"classes":[]},{"id":10054,"url":"http:\/\/www.grieta.org.mx\/index.php\/2015\/12\/04\/pueblos-de-xochimilco-en-contra-de-construcciones\/","url_meta":{"origin":10057,"position":1},"title":"Pueblos de Xochimilco en contra de construcciones","author":"grieta","date":"4 diciembre, 2015","format":false,"excerpt":"El Big Data El Congreso de los Pueblos, Barrios Originarios y Colonias de Xochimilco han expuesto las diferentes irregularidades ocurridas dentro de la demarcaci\u00f3n. El Congreso de los Pueblos, Barrios Originarios y Colonias de Xochimilco rechaz\u00f3 la construcci\u00f3n indiscriminada de centros comerciales, plazas y complejos inmobiliarios en la demarcaci\u00f3n, pues\u2026","rel":"","context":"En &quot;cdmx&quot;","block_context":{"text":"cdmx","link":"http:\/\/www.grieta.org.mx\/index.php\/category\/cdmx\/"},"img":{"alt_text":"","src":"https:\/\/i0.wp.com\/www.grieta.org.mx\/wp-content\/uploads\/2018\/03\/14524434_1106112876131411_958039263622046936_o.jpg?resize=350%2C200","width":350,"height":200,"srcset":"https:\/\/i0.wp.com\/www.grieta.org.mx\/wp-content\/uploads\/2018\/03\/14524434_1106112876131411_958039263622046936_o.jpg?resize=350%2C200 1x, https:\/\/i0.wp.com\/www.grieta.org.mx\/wp-content\/uploads\/2018\/03\/14524434_1106112876131411_958039263622046936_o.jpg?resize=525%2C300 1.5x, https:\/\/i0.wp.com\/www.grieta.org.mx\/wp-content\/uploads\/2018\/03\/14524434_1106112876131411_958039263622046936_o.jpg?resize=700%2C400 2x"},"classes":[]},{"id":10062,"url":"http:\/\/www.grieta.org.mx\/index.php\/2016\/02\/29\/mapa-de-megaproyectos-en-xochimilco\/","url_meta":{"origin":10057,"position":2},"title":"Mapa de megaproyectos en Xochimilco","author":"grieta","date":"29 febrero, 2016","format":false,"excerpt":"Coordinaci\u00f3n de Pueblos, Barrios Originarios y Colonias de Xochimilco https:\/\/cpbocx.wordpress.com\/2016\/02\/29\/mapa-de-megaproyectos\/","rel":"","context":"En &quot;CINTILLO&quot;","block_context":{"text":"CINTILLO","link":"http:\/\/www.grieta.org.mx\/index.php\/category\/cintillo\/"},"img":{"alt_text":"","src":"https:\/\/i0.wp.com\/www.grieta.org.mx\/wp-content\/uploads\/2018\/03\/14524434_1106112876131411_958039263622046936_o.jpg?resize=350%2C200","width":350,"height":200,"srcset":"https:\/\/i0.wp.com\/www.grieta.org.mx\/wp-content\/uploads\/2018\/03\/14524434_1106112876131411_958039263622046936_o.jpg?resize=350%2C200 1x, https:\/\/i0.wp.com\/www.grieta.org.mx\/wp-content\/uploads\/2018\/03\/14524434_1106112876131411_958039263622046936_o.jpg?resize=525%2C300 1.5x, https:\/\/i0.wp.com\/www.grieta.org.mx\/wp-content\/uploads\/2018\/03\/14524434_1106112876131411_958039263622046936_o.jpg?resize=700%2C400 2x"},"classes":[]},{"id":19009,"url":"http:\/\/www.grieta.org.mx\/index.php\/2016\/08\/01\/pobladores-denuncian-invasion-descontrolada-de-construcciones-en-xochimilco\/","url_meta":{"origin":10057,"position":3},"title":"Pobladores denuncian invasi\u00f3n descontrolada de construcciones en Xochimilco","author":"grieta","date":"1 agosto, 2016","format":false,"excerpt":"Pobladores de la delegaci\u00f3n de Xochimilco denunciaron la invasi\u00f3n descontrolada que sufre a trav\u00e9s de las construcciones de desarrollos inmobiliarios, plazas comerciales y recientemente dos panader\u00edas, las cuales no cuentan con estudios de impacto urbano, ambiental y de movilidad, denunciaron Alejandro Vel\u00e1zquez Z\u00fa\u00f1iga y Minerva Hern\u00e1ndez Trejo de la Coordinaci\u00f3n\u2026","rel":"","context":"En &quot;cdmx&quot;","block_context":{"text":"cdmx","link":"http:\/\/www.grieta.org.mx\/index.php\/category\/cdmx\/"},"img":{"alt_text":"","src":"https:\/\/i0.wp.com\/www.grieta.org.mx\/wp-content\/uploads\/2018\/03\/14524434_1106112876131411_958039263622046936_o.jpg?resize=350%2C200","width":350,"height":200,"srcset":"https:\/\/i0.wp.com\/www.grieta.org.mx\/wp-content\/uploads\/2018\/03\/14524434_1106112876131411_958039263622046936_o.jpg?resize=350%2C200 1x, https:\/\/i0.wp.com\/www.grieta.org.mx\/wp-content\/uploads\/2018\/03\/14524434_1106112876131411_958039263622046936_o.jpg?resize=525%2C300 1.5x, https:\/\/i0.wp.com\/www.grieta.org.mx\/wp-content\/uploads\/2018\/03\/14524434_1106112876131411_958039263622046936_o.jpg?resize=700%2C400 2x"},"classes":[]},{"id":42302,"url":"http:\/\/www.grieta.org.mx\/index.php\/2019\/12\/17\/resisten-contra-megaproyecto-urbanizador-en-xochimilco-ciudad-de-mexico\/","url_meta":{"origin":10057,"position":4},"title":"Resisten contra megaproyecto urbanizador en Xochimilco (Ciudad de M\u00e9xico)","author":"grieta","date":"17 diciembre, 2019","format":false,"excerpt":"Foto: Mar\u00eda Fernanda Ruiz Arturo Contreras Camero \/ Pie de P\u00e1gina Pobladores de Xochimilco se organizan en contra del plan de las autoridades locales de \u201cdesarrollar\u201d la demarcaci\u00f3n con base en su urbanizaci\u00f3n con plazas comerciales y tiendas de conveniencia. Un tipo de desarrollo, advierten, que podr\u00eda terminar por secar\u2026","rel":"","context":"En &quot;CINTILLO&quot;","block_context":{"text":"CINTILLO","link":"http:\/\/www.grieta.org.mx\/index.php\/category\/cintillo\/"},"img":{"alt_text":"","src":"https:\/\/i0.wp.com\/www.grieta.org.mx\/wp-content\/uploads\/2019\/12\/Resisten-contra-megaproyecto-urbanizador-en-Xochimilco-cdmx-dic.jpg?resize=350%2C200","width":350,"height":200,"srcset":"https:\/\/i0.wp.com\/www.grieta.org.mx\/wp-content\/uploads\/2019\/12\/Resisten-contra-megaproyecto-urbanizador-en-Xochimilco-cdmx-dic.jpg?resize=350%2C200 1x, https:\/\/i0.wp.com\/www.grieta.org.mx\/wp-content\/uploads\/2019\/12\/Resisten-contra-megaproyecto-urbanizador-en-Xochimilco-cdmx-dic.jpg?resize=525%2C300 1.5x, https:\/\/i0.wp.com\/www.grieta.org.mx\/wp-content\/uploads\/2019\/12\/Resisten-contra-megaproyecto-urbanizador-en-Xochimilco-cdmx-dic.jpg?resize=700%2C400 2x, https:\/\/i0.wp.com\/www.grieta.org.mx\/wp-content\/uploads\/2019\/12\/Resisten-contra-megaproyecto-urbanizador-en-Xochimilco-cdmx-dic.jpg?resize=1050%2C600 3x"},"classes":[]},{"id":10125,"url":"http:\/\/www.grieta.org.mx\/index.php\/2015\/03\/17\/walmart-construye-sin-permiso-plaza-comercial-en-xochimilco\/","url_meta":{"origin":10057,"position":5},"title":"Walmart construye sin permiso plaza comercial en Xochimilco","author":"grieta","date":"17 marzo, 2015","format":false,"excerpt":"La Jornada Por Agust\u00edn Salgado M\u00e9xico, DF. Grupo Walmart construye una plaza comercial en un terreno de m\u00e1s de 30 mil metros cuadrados que hasta finales del mes pasado \"era una zona de \u00e1reas verdes\" del pueblo de Santiago Tepalcatlalpan, denunciaron integrantes de la Coordinaci\u00f3n de Pueblos, Barrios Originarios y\u2026","rel":"","context":"En &quot;CINTILLO&quot;","block_context":{"text":"CINTILLO","link":"http:\/\/www.grieta.org.mx\/index.php\/category\/cintillo\/"},"img":{"alt_text":"","src":"https:\/\/i0.wp.com\/www.grieta.org.mx\/wp-content\/uploads\/2018\/03\/14524434_1106112876131411_958039263622046936_o.jpg?resize=350%2C200","width":350,"height":200,"srcset":"https:\/\/i0.wp.com\/www.grieta.org.mx\/wp-content\/uploads\/2018\/03\/14524434_1106112876131411_958039263622046936_o.jpg?resize=350%2C200 1x, https:\/\/i0.wp.com\/www.grieta.org.mx\/wp-content\/uploads\/2018\/03\/14524434_1106112876131411_958039263622046936_o.jpg?resize=525%2C300 1.5x, https:\/\/i0.wp.com\/www.grieta.org.mx\/wp-content\/uploads\/2018\/03\/14524434_1106112876131411_958039263622046936_o.jpg?resize=700%2C400 2x"},"classes":[]}],"_links":{"self":[{"href":"http:\/\/www.grieta.org.mx\/index.php\/wp-json\/wp\/v2\/posts\/10057","targetHints":{"allow":["GET"]}}],"collection":[{"href":"http:\/\/www.grieta.org.mx\/index.php\/wp-json\/wp\/v2\/posts"}],"about":[{"href":"http:\/\/www.grieta.org.mx\/index.php\/wp-json\/wp\/v2\/types\/post"}],"author":[{"embeddable":true,"href":"http:\/\/www.grieta.org.mx\/index.php\/wp-json\/wp\/v2\/users\/2"}],"replies":[{"embeddable":true,"href":"http:\/\/www.grieta.org.mx\/index.php\/wp-json\/wp\/v2\/comments?post=10057"}],"version-history":[{"count":1,"href":"http:\/\/www.grieta.org.mx\/index.php\/wp-json\/wp\/v2\/posts\/10057\/revisions"}],"predecessor-version":[{"id":10058,"href":"http:\/\/www.grieta.org.mx\/index.php\/wp-json\/wp\/v2\/posts\/10057\/revisions\/10058"}],"wp:featuredmedia":[{"embeddable":true,"href":"http:\/\/www.grieta.org.mx\/index.php\/wp-json\/wp\/v2\/media\/21928"}],"wp:attachment":[{"href":"http:\/\/www.grieta.org.mx\/index.php\/wp-json\/wp\/v2\/media?parent=10057"}],"wp:term":[{"taxonomy":"category","embeddable":true,"href":"http:\/\/www.grieta.org.mx\/index.php\/wp-json\/wp\/v2\/categories?post=10057"},{"taxonomy":"post_tag","embeddable":true,"href":"http:\/\/www.grieta.org.mx\/index.php\/wp-json\/wp\/v2\/tags?post=10057"}],"curies":[{"name":"wp","href":"https:\/\/api.w.org\/{rel}","templated":true}]}}