{"id":10054,"date":"2015-12-04T03:41:22","date_gmt":"2015-12-04T03:41:22","guid":{"rendered":"http:\/\/www.grieta.org.mx\/?p=10054"},"modified":"2016-04-10T03:43:10","modified_gmt":"2016-04-10T03:43:10","slug":"pueblos-de-xochimilco-en-contra-de-construcciones","status":"publish","type":"post","link":"http:\/\/www.grieta.org.mx\/index.php\/2015\/12\/04\/pueblos-de-xochimilco-en-contra-de-construcciones\/","title":{"rendered":"Pueblos de Xochimilco en contra de construcciones"},"content":{"rendered":"<p>El Big Data\t<\/p>\n<p>El Congreso de los Pueblos, Barrios Originarios y Colonias de Xochimilco han expuesto las diferentes irregularidades ocurridas dentro de la demarcaci\u00f3n.<\/p>\n<p>El Congreso de los Pueblos, Barrios Originarios y Colonias de Xochimilco rechaz\u00f3 la construcci\u00f3n indiscriminada de centros comerciales, plazas y complejos inmobiliarios en la demarcaci\u00f3n, pues aseguran m\u00e1s que beneficios traer\u00e1n m\u00e1s conflictos a esta delegaci\u00f3n.<\/p>\n<p>A trav\u00e9s de un comunicado, esta organizaci\u00f3n abund\u00f3 que las plazas comerciales y los complejos inmobiliarios que se planea construir en los siguientes meses se presentan como \u201cproyectos modernizadores\u201d, sin embargo no toman en cuenta los usos y costumbres que los pueblos tienen arraigados, ni la especial situaci\u00f3n de la zona en materia de servicios o vialidades.<\/p>\n<p>Abundan que el Sistema de Aguas de la Ciudad de M\u00e9xico (SACMEX), la totalidad de la delegaci\u00f3n tiene negada la factibilidad de servicios hidr\u00e1ulicos para nuevos desarrollos. Esta situaci\u00f3n es conocida por los habitantes de Xochimilco; no hay agua suficiente para el consumo humano y tampoco es agua de calidad.<\/p>\n<p>Las principales irregularidades se han enumerado y se han hecho m\u00e1s notorias durante el periodo de administraci\u00f3n del actual delegado de la demarcaci\u00f3n, Avelino M\u00e9ndez.<\/p>\n<p>En todos los proyectos se ha violado el derecho a la consulta previa de los pueblos originarios de Xochimilco y se ha afectado el derecho a la vivienda, el derecho al agua, el derecho al control del territorio y adem\u00e1s, la econom\u00eda local.<\/p>\n<p>El actual delegado se comprometi\u00f3 a clausurar la Plaza Terrazas Arenal, en Santa Mar\u00eda Tepepan, cuando entrara en funciones, acci\u00f3n que no ha realizado a un mes de dicha promesa.<\/p>\n<p>Adem\u00e1s, se ignor\u00f3 la consulta ciudadana realizada en julio de 2015 en la que el pueblo originario de Santa Mar\u00eda Tepepan rechaz\u00f3 la plaza debido a las afectaciones en su econom\u00eda local, la insuficiente capacidad en la vialidad, as\u00ed como los da\u00f1os a la infraestructura de varias viviendas aleda\u00f1as en el inicio de dicha construcci\u00f3n. Afectando  el patrimonio cultural material e inmaterial, ya que se encuentra en un \u00e1rea de conservaci\u00f3n patrimonial.<\/p>\n<p>Por otro lado, la construcci\u00f3n de las tiendas Walmart, Suburbia y Sam\u00b4s Club en San Lucas Xochimanca-Santiago Tepalcatlalpan se realiza en un \u00e1rea con aprovechamiento de uso de suelo habitacional. Adem\u00e1s, la obra afectar\u00eda a\u00fan m\u00e1s el vaso regulador de San Lucas Xochimanca, que ya cuenta con un severo caso de contaminaci\u00f3n ambiental.<\/p>\n<p>Los habitantes de la demarcaci\u00f3n buscan la opini\u00f3n del jefe de Gobierno capitalino, Miguel \u00c1ngel Mancera, sobre estas construcciones, as\u00ed como el reconocimiento del derecho a la consulta previa de los pueblos originarios para la elaboraci\u00f3n del Programa de Desarrollo Urbano del Distrito Federal (PDU).<\/p>\n<p><a href=\"http:\/\/elbigdata.mx\/df\/pueblos-de-xochimilco-en-contra-de-construcciones\/\" target=\"_blank\">http:\/\/elbigdata.mx\/df\/pueblos-de-xochimilco-en-contra-de-construcciones\/<\/a><\/p>\n","protected":false},"excerpt":{"rendered":"<p>El Big Data El Congreso de los Pueblos, Barrios Originarios y Colonias de Xochimilco han expuesto las diferentes irregularidades ocurridas dentro de la demarcaci\u00f3n. El Congreso de los Pueblos, Barrios &hellip; <a href=\"http:\/\/www.grieta.org.mx\/index.php\/2015\/12\/04\/pueblos-de-xochimilco-en-contra-de-construcciones\/\" class=\"more-link\">Leer m\u00e1s<\/a><\/p>\n","protected":false},"author":2,"featured_media":21928,"comment_status":"closed","ping_status":"closed","sticky":false,"template":"","format":"standard","meta":{"ngg_post_thumbnail":0,"_jetpack_newsletter_access":"","_jetpack_dont_email_post_to_subs":false,"_jetpack_newsletter_tier_id":0,"_jetpack_memberships_contains_paywalled_content":false,"_jetpack_memberships_contains_paid_content":false,"footnotes":""},"categories":[598,80],"tags":[395,599],"class_list":["post-10054","post","type-post","status-publish","format-standard","has-post-thumbnail","hentry","category-cdmx","category-cintillo","tag-centros-comerciales","tag-xochimilco","entry"],"jetpack_featured_media_url":"http:\/\/www.grieta.org.mx\/wp-content\/uploads\/2018\/03\/14524434_1106112876131411_958039263622046936_o.jpg","jetpack_sharing_enabled":true,"jetpack_shortlink":"https:\/\/wp.me\/p7ZJR4-2Ca","jetpack_likes_enabled":false,"jetpack-related-posts":[{"id":10052,"url":"http:\/\/www.grieta.org.mx\/index.php\/2016\/03\/10\/pueblos-de-xochimilco-contra-megaproyectos\/","url_meta":{"origin":10054,"position":0},"title":"Pueblos de Xochimilco contra megaproyectos","author":"grieta","date":"10 marzo, 2016","format":false,"excerpt":"08\/03\/16. Comunicado. CONTRA PROYECTO ECOTUR\u00cdSTICO en XochimilcoCoordinaci\u00f3n de Pueblos, Barrios Originarios y Colonias de Xochimilco 29\/02\/16. Mapa de megaproyectos en XochimilcoCoordinaci\u00f3n de Pueblos, Barrios Originarios y Colonias de Xochimilco 22\/01\/16. Walmart dejar\u00eda sin agua a colonias enteras de XochimilcoCoordinaci\u00f3n de Pueblos, Barrios Originarios y Colonias de Xochimilco 17\/01\/16. Crean en\u2026","rel":"","context":"En &quot;Ciudad de M\u00e9xico&quot;","block_context":{"text":"Ciudad de M\u00e9xico","link":"http:\/\/www.grieta.org.mx\/index.php\/category\/noticias-nacionales\/ciudad-de-mexico\/"},"img":{"alt_text":"","src":"https:\/\/i0.wp.com\/www.grieta.org.mx\/wp-content\/uploads\/2018\/03\/14524434_1106112876131411_958039263622046936_o.jpg?resize=350%2C200","width":350,"height":200,"srcset":"https:\/\/i0.wp.com\/www.grieta.org.mx\/wp-content\/uploads\/2018\/03\/14524434_1106112876131411_958039263622046936_o.jpg?resize=350%2C200 1x, https:\/\/i0.wp.com\/www.grieta.org.mx\/wp-content\/uploads\/2018\/03\/14524434_1106112876131411_958039263622046936_o.jpg?resize=525%2C300 1.5x, https:\/\/i0.wp.com\/www.grieta.org.mx\/wp-content\/uploads\/2018\/03\/14524434_1106112876131411_958039263622046936_o.jpg?resize=700%2C400 2x"},"classes":[]},{"id":10062,"url":"http:\/\/www.grieta.org.mx\/index.php\/2016\/02\/29\/mapa-de-megaproyectos-en-xochimilco\/","url_meta":{"origin":10054,"position":1},"title":"Mapa de megaproyectos en Xochimilco","author":"grieta","date":"29 febrero, 2016","format":false,"excerpt":"Coordinaci\u00f3n de Pueblos, Barrios Originarios y Colonias de Xochimilco https:\/\/cpbocx.wordpress.com\/2016\/02\/29\/mapa-de-megaproyectos\/","rel":"","context":"En &quot;CINTILLO&quot;","block_context":{"text":"CINTILLO","link":"http:\/\/www.grieta.org.mx\/index.php\/category\/cintillo\/"},"img":{"alt_text":"","src":"https:\/\/i0.wp.com\/www.grieta.org.mx\/wp-content\/uploads\/2018\/03\/14524434_1106112876131411_958039263622046936_o.jpg?resize=350%2C200","width":350,"height":200,"srcset":"https:\/\/i0.wp.com\/www.grieta.org.mx\/wp-content\/uploads\/2018\/03\/14524434_1106112876131411_958039263622046936_o.jpg?resize=350%2C200 1x, https:\/\/i0.wp.com\/www.grieta.org.mx\/wp-content\/uploads\/2018\/03\/14524434_1106112876131411_958039263622046936_o.jpg?resize=525%2C300 1.5x, https:\/\/i0.wp.com\/www.grieta.org.mx\/wp-content\/uploads\/2018\/03\/14524434_1106112876131411_958039263622046936_o.jpg?resize=700%2C400 2x"},"classes":[]},{"id":42302,"url":"http:\/\/www.grieta.org.mx\/index.php\/2019\/12\/17\/resisten-contra-megaproyecto-urbanizador-en-xochimilco-ciudad-de-mexico\/","url_meta":{"origin":10054,"position":2},"title":"Resisten contra megaproyecto urbanizador en Xochimilco (Ciudad de M\u00e9xico)","author":"grieta","date":"17 diciembre, 2019","format":false,"excerpt":"Foto: Mar\u00eda Fernanda Ruiz Arturo Contreras Camero \/ Pie de P\u00e1gina Pobladores de Xochimilco se organizan en contra del plan de las autoridades locales de \u201cdesarrollar\u201d la demarcaci\u00f3n con base en su urbanizaci\u00f3n con plazas comerciales y tiendas de conveniencia. Un tipo de desarrollo, advierten, que podr\u00eda terminar por secar\u2026","rel":"","context":"En &quot;CINTILLO&quot;","block_context":{"text":"CINTILLO","link":"http:\/\/www.grieta.org.mx\/index.php\/category\/cintillo\/"},"img":{"alt_text":"","src":"https:\/\/i0.wp.com\/www.grieta.org.mx\/wp-content\/uploads\/2019\/12\/Resisten-contra-megaproyecto-urbanizador-en-Xochimilco-cdmx-dic.jpg?resize=350%2C200","width":350,"height":200,"srcset":"https:\/\/i0.wp.com\/www.grieta.org.mx\/wp-content\/uploads\/2019\/12\/Resisten-contra-megaproyecto-urbanizador-en-Xochimilco-cdmx-dic.jpg?resize=350%2C200 1x, https:\/\/i0.wp.com\/www.grieta.org.mx\/wp-content\/uploads\/2019\/12\/Resisten-contra-megaproyecto-urbanizador-en-Xochimilco-cdmx-dic.jpg?resize=525%2C300 1.5x, https:\/\/i0.wp.com\/www.grieta.org.mx\/wp-content\/uploads\/2019\/12\/Resisten-contra-megaproyecto-urbanizador-en-Xochimilco-cdmx-dic.jpg?resize=700%2C400 2x, https:\/\/i0.wp.com\/www.grieta.org.mx\/wp-content\/uploads\/2019\/12\/Resisten-contra-megaproyecto-urbanizador-en-Xochimilco-cdmx-dic.jpg?resize=1050%2C600 3x"},"classes":[]},{"id":10057,"url":"http:\/\/www.grieta.org.mx\/index.php\/2015\/11\/30\/pronunciamiento-del-congreso-de-los-pueblos-contra-los-ilegales-proyectos-comerciales-e-inmobiliarios-en-xochimilco\/","url_meta":{"origin":10054,"position":3},"title":"PRONUNCIAMIENTO DEL CONGRESO DE LOS PUEBLOS CONTRA LOS ILEGALES PROYECTOS COMERCIALES E INMOBILIARIOS EN XOCHIMILCO","author":"grieta","date":"30 noviembre, 2015","format":false,"excerpt":"Coordinaci\u00f3n de Pueblos, Barrios Originarios y Colonias de Xochimilco En el \u201cSegundo Congreso de los Pueblos, Barrios Originarios y Colonias de Xochimilco\u201d, realizado en el pueblo de Santiago Tepalcaltlalpan, el pasado 7 de noviembre, manifestamos el rechazo de los pueblos a las construcciones irregulares que se llevan a cabo actualmente\u2026","rel":"","context":"En &quot;CINTILLO&quot;","block_context":{"text":"CINTILLO","link":"http:\/\/www.grieta.org.mx\/index.php\/category\/cintillo\/"},"img":{"alt_text":"","src":"https:\/\/i0.wp.com\/www.grieta.org.mx\/wp-content\/uploads\/2018\/03\/14524434_1106112876131411_958039263622046936_o.jpg?resize=350%2C200","width":350,"height":200,"srcset":"https:\/\/i0.wp.com\/www.grieta.org.mx\/wp-content\/uploads\/2018\/03\/14524434_1106112876131411_958039263622046936_o.jpg?resize=350%2C200 1x, https:\/\/i0.wp.com\/www.grieta.org.mx\/wp-content\/uploads\/2018\/03\/14524434_1106112876131411_958039263622046936_o.jpg?resize=525%2C300 1.5x, https:\/\/i0.wp.com\/www.grieta.org.mx\/wp-content\/uploads\/2018\/03\/14524434_1106112876131411_958039263622046936_o.jpg?resize=700%2C400 2x"},"classes":[]},{"id":19009,"url":"http:\/\/www.grieta.org.mx\/index.php\/2016\/08\/01\/pobladores-denuncian-invasion-descontrolada-de-construcciones-en-xochimilco\/","url_meta":{"origin":10054,"position":4},"title":"Pobladores denuncian invasi\u00f3n descontrolada de construcciones en Xochimilco","author":"grieta","date":"1 agosto, 2016","format":false,"excerpt":"Pobladores de la delegaci\u00f3n de Xochimilco denunciaron la invasi\u00f3n descontrolada que sufre a trav\u00e9s de las construcciones de desarrollos inmobiliarios, plazas comerciales y recientemente dos panader\u00edas, las cuales no cuentan con estudios de impacto urbano, ambiental y de movilidad, denunciaron Alejandro Vel\u00e1zquez Z\u00fa\u00f1iga y Minerva Hern\u00e1ndez Trejo de la Coordinaci\u00f3n\u2026","rel":"","context":"En &quot;cdmx&quot;","block_context":{"text":"cdmx","link":"http:\/\/www.grieta.org.mx\/index.php\/category\/cdmx\/"},"img":{"alt_text":"","src":"https:\/\/i0.wp.com\/www.grieta.org.mx\/wp-content\/uploads\/2018\/03\/14524434_1106112876131411_958039263622046936_o.jpg?resize=350%2C200","width":350,"height":200,"srcset":"https:\/\/i0.wp.com\/www.grieta.org.mx\/wp-content\/uploads\/2018\/03\/14524434_1106112876131411_958039263622046936_o.jpg?resize=350%2C200 1x, https:\/\/i0.wp.com\/www.grieta.org.mx\/wp-content\/uploads\/2018\/03\/14524434_1106112876131411_958039263622046936_o.jpg?resize=525%2C300 1.5x, https:\/\/i0.wp.com\/www.grieta.org.mx\/wp-content\/uploads\/2018\/03\/14524434_1106112876131411_958039263622046936_o.jpg?resize=700%2C400 2x"},"classes":[]},{"id":10044,"url":"http:\/\/www.grieta.org.mx\/index.php\/2016\/01\/22\/walmart-dejaria-sin-agua-a-colonias-enteras-de-xochimilco\/","url_meta":{"origin":10054,"position":5},"title":"WALMART DEJAR\u00cdA SIN AGUA A COLONIAS ENTERAS DE XOCHIMILCO","author":"grieta","date":"22 enero, 2016","format":false,"excerpt":"Coordinaci\u00f3n de Pueblos, Barrios Originarios y Colonias de Xochimilco Informaci\u00f3n actualizada sobre el WalMart que se construye en el campo ex pumitas. Derribo de \u00e1rboles y afectaciones a \u00e1reas verdes. De acuerdo al Dictamen de Da\u00f1o Ambiental y la Autorizaci\u00f3n de Impacto Ambiental, expedidos para la obra, fueron derribados m\u00e1s\u2026","rel":"","context":"En &quot;CINTILLO&quot;","block_context":{"text":"CINTILLO","link":"http:\/\/www.grieta.org.mx\/index.php\/category\/cintillo\/"},"img":{"alt_text":"","src":"https:\/\/i0.wp.com\/www.grieta.org.mx\/wp-content\/uploads\/2018\/03\/14524434_1106112876131411_958039263622046936_o.jpg?resize=350%2C200","width":350,"height":200,"srcset":"https:\/\/i0.wp.com\/www.grieta.org.mx\/wp-content\/uploads\/2018\/03\/14524434_1106112876131411_958039263622046936_o.jpg?resize=350%2C200 1x, https:\/\/i0.wp.com\/www.grieta.org.mx\/wp-content\/uploads\/2018\/03\/14524434_1106112876131411_958039263622046936_o.jpg?resize=525%2C300 1.5x, https:\/\/i0.wp.com\/www.grieta.org.mx\/wp-content\/uploads\/2018\/03\/14524434_1106112876131411_958039263622046936_o.jpg?resize=700%2C400 2x"},"classes":[]}],"_links":{"self":[{"href":"http:\/\/www.grieta.org.mx\/index.php\/wp-json\/wp\/v2\/posts\/10054","targetHints":{"allow":["GET"]}}],"collection":[{"href":"http:\/\/www.grieta.org.mx\/index.php\/wp-json\/wp\/v2\/posts"}],"about":[{"href":"http:\/\/www.grieta.org.mx\/index.php\/wp-json\/wp\/v2\/types\/post"}],"author":[{"embeddable":true,"href":"http:\/\/www.grieta.org.mx\/index.php\/wp-json\/wp\/v2\/users\/2"}],"replies":[{"embeddable":true,"href":"http:\/\/www.grieta.org.mx\/index.php\/wp-json\/wp\/v2\/comments?post=10054"}],"version-history":[{"count":1,"href":"http:\/\/www.grieta.org.mx\/index.php\/wp-json\/wp\/v2\/posts\/10054\/revisions"}],"predecessor-version":[{"id":10055,"href":"http:\/\/www.grieta.org.mx\/index.php\/wp-json\/wp\/v2\/posts\/10054\/revisions\/10055"}],"wp:featuredmedia":[{"embeddable":true,"href":"http:\/\/www.grieta.org.mx\/index.php\/wp-json\/wp\/v2\/media\/21928"}],"wp:attachment":[{"href":"http:\/\/www.grieta.org.mx\/index.php\/wp-json\/wp\/v2\/media?parent=10054"}],"wp:term":[{"taxonomy":"category","embeddable":true,"href":"http:\/\/www.grieta.org.mx\/index.php\/wp-json\/wp\/v2\/categories?post=10054"},{"taxonomy":"post_tag","embeddable":true,"href":"http:\/\/www.grieta.org.mx\/index.php\/wp-json\/wp\/v2\/tags?post=10054"}],"curies":[{"name":"wp","href":"https:\/\/api.w.org\/{rel}","templated":true}]}}