{"id":10052,"date":"2016-03-10T03:27:34","date_gmt":"2016-03-10T03:27:34","guid":{"rendered":"http:\/\/www.grieta.org.mx\/?p=10052"},"modified":"2016-04-11T03:20:37","modified_gmt":"2016-04-11T03:20:37","slug":"pueblos-de-xochimilco-contra-megaproyectos","status":"publish","type":"post","link":"http:\/\/www.grieta.org.mx\/index.php\/2016\/03\/10\/pueblos-de-xochimilco-contra-megaproyectos\/","title":{"rendered":"Pueblos de Xochimilco contra megaproyectos"},"content":{"rendered":"<p><strong>08\/03\/16. <\/strong><a href=\"http:\/\/www.grieta.org.mx\/index.php\/2016\/03\/08\/comunicado-contra-proyecto-ecoturistico-en-xochimilco\/\" target=\"_blank\">Comunicado. CONTRA PROYECTO ECOTUR\u00cdSTICO en Xochimilco<\/a><br \/><em>Coordinaci\u00f3n de Pueblos, Barrios Originarios y Colonias de Xochimilco<\/em><br  \/><\/p>\n<p><strong>29\/02\/16. <\/strong><a href=\"http:\/\/www.grieta.org.mx\/index.php\/2016\/02\/29\/mapa-de-megaproyectos-en-xochimilco\/\" target=\"_blank\">Mapa de megaproyectos en Xochimilco<\/a><br \/><em>Coordinaci\u00f3n de Pueblos, Barrios Originarios y Colonias de Xochimilco<\/em><br  \/><\/p>\n<p><strong>22\/01\/16. <\/strong><a href=\"http:\/\/www.grieta.org.mx\/index.php\/2016\/01\/22\/walmart-dejaria-sin-agua-a-colonias-enteras-de-xochimilco\/\" target=\"_blank\">Walmart dejar\u00eda sin agua a colonias enteras de Xochimilco<\/a><br \/><em>Coordinaci\u00f3n de Pueblos, Barrios Originarios y Colonias de Xochimilco<\/em><br  \/><\/p>\n<p><strong>17\/01\/16. <\/strong><a href=\"http:\/\/www.grieta.org.mx\/index.php\/2016\/01\/17\/crean-en-xicomulco-movimiento-de-resistencia-contra-la-urbanizacion-2\/\" target=\"_blank\">Crean en Xicomulco movimiento de resistencia contra la urbanizaci\u00f3n<\/a><br \/><em>La Jornada<\/em><br  \/><\/p>\n<p><strong>04\/12\/15. <\/strong><a href=\"http:\/\/www.grieta.org.mx\/index.php\/2015\/12\/04\/pueblos-de-xochimilco-en-contra-de-construcciones\/\" target=\"_blank\">Pueblos de Xochimilco en contra de construcciones<\/a><br \/><em>El big data<\/em><br  \/><\/p>\n<p><strong>30\/11\/15. <\/strong><a href=\"http:\/\/www.grieta.org.mx\/index.php\/2015\/11\/30\/pronunciamiento-del-congreso-de-los-pueblos-contra-los-ilegales-proyectos-comerciales-e-inmobiliarios-en-xochimilco\/\" target=\"_blank\">Pronunciamiento del Congreso de los Pueblos contra los ilegales proyectos comerciales e inmobiliarios en Xochimilco<\/a><br \/><em>Coordinaci\u00f3n de Pueblos, Barrios Originarios y Colonias de Xochimilco<\/em><br  \/><\/p>\n<p><strong>24\/04\/15. <\/strong><a href=\"http:\/\/www.grieta.org.mx\/index.php\/2015\/04\/24\/chinamperos-de-xochimilco-temen-que-se-destruya-esa-reserva-natural\/\" target=\"_blank\">Chinamperos de Xochimilco temen que se destruya esa reserva natural<\/a><br \/><em>La Jornada<\/em><br  \/><\/p>\n<p><strong>21\/03\/2015. <\/strong><a href=\"http:\/\/www.grieta.org.mx\/index.php\/2015\/03\/21\/suspenden-walmart-sams-y-suburbia-en-xochimilco-habitantes-buscaran-cancelacion-definitiva\/\" target=\"_blank\">Suspenden Walmart, Sams y Suburbia en Xochimilco; habitantes buscar\u00e1n cancelaci\u00f3n definitiva<\/a><br \/><em>Revoluci\u00f3n tres punto cero<\/em><br  \/><\/p>\n<p><strong>17\/03\/2015. <\/strong><a href=\"http:\/\/www.grieta.org.mx\/index.php\/2015\/03\/17\/walmart-construye-sin-permiso-plaza-comercial-en-xochimilco\/\" target=\"_blank\">Walmart construye sin permiso plaza comercial en Xochimilco<\/a><br \/><em>La Jornada<\/em><br  \/><\/p>\n","protected":false},"excerpt":{"rendered":"<p>08\/03\/16. Comunicado. CONTRA PROYECTO ECOTUR\u00cdSTICO en XochimilcoCoordinaci\u00f3n de Pueblos, Barrios Originarios y Colonias de Xochimilco 29\/02\/16. Mapa de megaproyectos en XochimilcoCoordinaci\u00f3n de Pueblos, Barrios Originarios y Colonias de Xochimilco 22\/01\/16. &hellip; <a href=\"http:\/\/www.grieta.org.mx\/index.php\/2016\/03\/10\/pueblos-de-xochimilco-contra-megaproyectos\/\" class=\"more-link\">Leer m\u00e1s<\/a><\/p>\n","protected":false},"author":2,"featured_media":21928,"comment_status":"closed","ping_status":"closed","sticky":false,"template":"","format":"standard","meta":{"ngg_post_thumbnail":0,"_jetpack_newsletter_access":"","_jetpack_dont_email_post_to_subs":false,"_jetpack_newsletter_tier_id":0,"_jetpack_memberships_contains_paywalled_content":false,"_jetpack_memberships_contains_paid_content":false,"footnotes":""},"categories":[14,2],"tags":[],"class_list":["post-10052","post","type-post","status-publish","format-standard","has-post-thumbnail","hentry","category-ciudad-de-mexico","category-noticias-nacionales","entry"],"jetpack_featured_media_url":"http:\/\/www.grieta.org.mx\/wp-content\/uploads\/2018\/03\/14524434_1106112876131411_958039263622046936_o.jpg","jetpack_sharing_enabled":true,"jetpack_shortlink":"https:\/\/wp.me\/p7ZJR4-2C8","jetpack_likes_enabled":false,"jetpack-related-posts":[{"id":10062,"url":"http:\/\/www.grieta.org.mx\/index.php\/2016\/02\/29\/mapa-de-megaproyectos-en-xochimilco\/","url_meta":{"origin":10052,"position":0},"title":"Mapa de megaproyectos en Xochimilco","author":"grieta","date":"29 febrero, 2016","format":false,"excerpt":"Coordinaci\u00f3n de Pueblos, Barrios Originarios y Colonias de Xochimilco https:\/\/cpbocx.wordpress.com\/2016\/02\/29\/mapa-de-megaproyectos\/","rel":"","context":"En &quot;CINTILLO&quot;","block_context":{"text":"CINTILLO","link":"http:\/\/www.grieta.org.mx\/index.php\/category\/cintillo\/"},"img":{"alt_text":"","src":"https:\/\/i0.wp.com\/www.grieta.org.mx\/wp-content\/uploads\/2018\/03\/14524434_1106112876131411_958039263622046936_o.jpg?resize=350%2C200","width":350,"height":200,"srcset":"https:\/\/i0.wp.com\/www.grieta.org.mx\/wp-content\/uploads\/2018\/03\/14524434_1106112876131411_958039263622046936_o.jpg?resize=350%2C200 1x, https:\/\/i0.wp.com\/www.grieta.org.mx\/wp-content\/uploads\/2018\/03\/14524434_1106112876131411_958039263622046936_o.jpg?resize=525%2C300 1.5x, https:\/\/i0.wp.com\/www.grieta.org.mx\/wp-content\/uploads\/2018\/03\/14524434_1106112876131411_958039263622046936_o.jpg?resize=700%2C400 2x"},"classes":[]},{"id":10054,"url":"http:\/\/www.grieta.org.mx\/index.php\/2015\/12\/04\/pueblos-de-xochimilco-en-contra-de-construcciones\/","url_meta":{"origin":10052,"position":1},"title":"Pueblos de Xochimilco en contra de construcciones","author":"grieta","date":"4 diciembre, 2015","format":false,"excerpt":"El Big Data El Congreso de los Pueblos, Barrios Originarios y Colonias de Xochimilco han expuesto las diferentes irregularidades ocurridas dentro de la demarcaci\u00f3n. El Congreso de los Pueblos, Barrios Originarios y Colonias de Xochimilco rechaz\u00f3 la construcci\u00f3n indiscriminada de centros comerciales, plazas y complejos inmobiliarios en la demarcaci\u00f3n, pues\u2026","rel":"","context":"En &quot;cdmx&quot;","block_context":{"text":"cdmx","link":"http:\/\/www.grieta.org.mx\/index.php\/category\/cdmx\/"},"img":{"alt_text":"","src":"https:\/\/i0.wp.com\/www.grieta.org.mx\/wp-content\/uploads\/2018\/03\/14524434_1106112876131411_958039263622046936_o.jpg?resize=350%2C200","width":350,"height":200,"srcset":"https:\/\/i0.wp.com\/www.grieta.org.mx\/wp-content\/uploads\/2018\/03\/14524434_1106112876131411_958039263622046936_o.jpg?resize=350%2C200 1x, https:\/\/i0.wp.com\/www.grieta.org.mx\/wp-content\/uploads\/2018\/03\/14524434_1106112876131411_958039263622046936_o.jpg?resize=525%2C300 1.5x, https:\/\/i0.wp.com\/www.grieta.org.mx\/wp-content\/uploads\/2018\/03\/14524434_1106112876131411_958039263622046936_o.jpg?resize=700%2C400 2x"},"classes":[]},{"id":42302,"url":"http:\/\/www.grieta.org.mx\/index.php\/2019\/12\/17\/resisten-contra-megaproyecto-urbanizador-en-xochimilco-ciudad-de-mexico\/","url_meta":{"origin":10052,"position":2},"title":"Resisten contra megaproyecto urbanizador en Xochimilco (Ciudad de M\u00e9xico)","author":"grieta","date":"17 diciembre, 2019","format":false,"excerpt":"Foto: Mar\u00eda Fernanda Ruiz Arturo Contreras Camero \/ Pie de P\u00e1gina Pobladores de Xochimilco se organizan en contra del plan de las autoridades locales de \u201cdesarrollar\u201d la demarcaci\u00f3n con base en su urbanizaci\u00f3n con plazas comerciales y tiendas de conveniencia. Un tipo de desarrollo, advierten, que podr\u00eda terminar por secar\u2026","rel":"","context":"En &quot;CINTILLO&quot;","block_context":{"text":"CINTILLO","link":"http:\/\/www.grieta.org.mx\/index.php\/category\/cintillo\/"},"img":{"alt_text":"","src":"https:\/\/i0.wp.com\/www.grieta.org.mx\/wp-content\/uploads\/2019\/12\/Resisten-contra-megaproyecto-urbanizador-en-Xochimilco-cdmx-dic.jpg?resize=350%2C200","width":350,"height":200,"srcset":"https:\/\/i0.wp.com\/www.grieta.org.mx\/wp-content\/uploads\/2019\/12\/Resisten-contra-megaproyecto-urbanizador-en-Xochimilco-cdmx-dic.jpg?resize=350%2C200 1x, https:\/\/i0.wp.com\/www.grieta.org.mx\/wp-content\/uploads\/2019\/12\/Resisten-contra-megaproyecto-urbanizador-en-Xochimilco-cdmx-dic.jpg?resize=525%2C300 1.5x, https:\/\/i0.wp.com\/www.grieta.org.mx\/wp-content\/uploads\/2019\/12\/Resisten-contra-megaproyecto-urbanizador-en-Xochimilco-cdmx-dic.jpg?resize=700%2C400 2x, https:\/\/i0.wp.com\/www.grieta.org.mx\/wp-content\/uploads\/2019\/12\/Resisten-contra-megaproyecto-urbanizador-en-Xochimilco-cdmx-dic.jpg?resize=1050%2C600 3x"},"classes":[]},{"id":10057,"url":"http:\/\/www.grieta.org.mx\/index.php\/2015\/11\/30\/pronunciamiento-del-congreso-de-los-pueblos-contra-los-ilegales-proyectos-comerciales-e-inmobiliarios-en-xochimilco\/","url_meta":{"origin":10052,"position":3},"title":"PRONUNCIAMIENTO DEL CONGRESO DE LOS PUEBLOS CONTRA LOS ILEGALES PROYECTOS COMERCIALES E INMOBILIARIOS EN XOCHIMILCO","author":"grieta","date":"30 noviembre, 2015","format":false,"excerpt":"Coordinaci\u00f3n de Pueblos, Barrios Originarios y Colonias de Xochimilco En el \u201cSegundo Congreso de los Pueblos, Barrios Originarios y Colonias de Xochimilco\u201d, realizado en el pueblo de Santiago Tepalcaltlalpan, el pasado 7 de noviembre, manifestamos el rechazo de los pueblos a las construcciones irregulares que se llevan a cabo actualmente\u2026","rel":"","context":"En &quot;CINTILLO&quot;","block_context":{"text":"CINTILLO","link":"http:\/\/www.grieta.org.mx\/index.php\/category\/cintillo\/"},"img":{"alt_text":"","src":"https:\/\/i0.wp.com\/www.grieta.org.mx\/wp-content\/uploads\/2018\/03\/14524434_1106112876131411_958039263622046936_o.jpg?resize=350%2C200","width":350,"height":200,"srcset":"https:\/\/i0.wp.com\/www.grieta.org.mx\/wp-content\/uploads\/2018\/03\/14524434_1106112876131411_958039263622046936_o.jpg?resize=350%2C200 1x, https:\/\/i0.wp.com\/www.grieta.org.mx\/wp-content\/uploads\/2018\/03\/14524434_1106112876131411_958039263622046936_o.jpg?resize=525%2C300 1.5x, https:\/\/i0.wp.com\/www.grieta.org.mx\/wp-content\/uploads\/2018\/03\/14524434_1106112876131411_958039263622046936_o.jpg?resize=700%2C400 2x"},"classes":[]},{"id":19009,"url":"http:\/\/www.grieta.org.mx\/index.php\/2016\/08\/01\/pobladores-denuncian-invasion-descontrolada-de-construcciones-en-xochimilco\/","url_meta":{"origin":10052,"position":4},"title":"Pobladores denuncian invasi\u00f3n descontrolada de construcciones en Xochimilco","author":"grieta","date":"1 agosto, 2016","format":false,"excerpt":"Pobladores de la delegaci\u00f3n de Xochimilco denunciaron la invasi\u00f3n descontrolada que sufre a trav\u00e9s de las construcciones de desarrollos inmobiliarios, plazas comerciales y recientemente dos panader\u00edas, las cuales no cuentan con estudios de impacto urbano, ambiental y de movilidad, denunciaron Alejandro Vel\u00e1zquez Z\u00fa\u00f1iga y Minerva Hern\u00e1ndez Trejo de la Coordinaci\u00f3n\u2026","rel":"","context":"En &quot;cdmx&quot;","block_context":{"text":"cdmx","link":"http:\/\/www.grieta.org.mx\/index.php\/category\/cdmx\/"},"img":{"alt_text":"","src":"https:\/\/i0.wp.com\/www.grieta.org.mx\/wp-content\/uploads\/2018\/03\/14524434_1106112876131411_958039263622046936_o.jpg?resize=350%2C200","width":350,"height":200,"srcset":"https:\/\/i0.wp.com\/www.grieta.org.mx\/wp-content\/uploads\/2018\/03\/14524434_1106112876131411_958039263622046936_o.jpg?resize=350%2C200 1x, https:\/\/i0.wp.com\/www.grieta.org.mx\/wp-content\/uploads\/2018\/03\/14524434_1106112876131411_958039263622046936_o.jpg?resize=525%2C300 1.5x, https:\/\/i0.wp.com\/www.grieta.org.mx\/wp-content\/uploads\/2018\/03\/14524434_1106112876131411_958039263622046936_o.jpg?resize=700%2C400 2x"},"classes":[]},{"id":10044,"url":"http:\/\/www.grieta.org.mx\/index.php\/2016\/01\/22\/walmart-dejaria-sin-agua-a-colonias-enteras-de-xochimilco\/","url_meta":{"origin":10052,"position":5},"title":"WALMART DEJAR\u00cdA SIN AGUA A COLONIAS ENTERAS DE XOCHIMILCO","author":"grieta","date":"22 enero, 2016","format":false,"excerpt":"Coordinaci\u00f3n de Pueblos, Barrios Originarios y Colonias de Xochimilco Informaci\u00f3n actualizada sobre el WalMart que se construye en el campo ex pumitas. Derribo de \u00e1rboles y afectaciones a \u00e1reas verdes. De acuerdo al Dictamen de Da\u00f1o Ambiental y la Autorizaci\u00f3n de Impacto Ambiental, expedidos para la obra, fueron derribados m\u00e1s\u2026","rel":"","context":"En &quot;CINTILLO&quot;","block_context":{"text":"CINTILLO","link":"http:\/\/www.grieta.org.mx\/index.php\/category\/cintillo\/"},"img":{"alt_text":"","src":"https:\/\/i0.wp.com\/www.grieta.org.mx\/wp-content\/uploads\/2018\/03\/14524434_1106112876131411_958039263622046936_o.jpg?resize=350%2C200","width":350,"height":200,"srcset":"https:\/\/i0.wp.com\/www.grieta.org.mx\/wp-content\/uploads\/2018\/03\/14524434_1106112876131411_958039263622046936_o.jpg?resize=350%2C200 1x, https:\/\/i0.wp.com\/www.grieta.org.mx\/wp-content\/uploads\/2018\/03\/14524434_1106112876131411_958039263622046936_o.jpg?resize=525%2C300 1.5x, https:\/\/i0.wp.com\/www.grieta.org.mx\/wp-content\/uploads\/2018\/03\/14524434_1106112876131411_958039263622046936_o.jpg?resize=700%2C400 2x"},"classes":[]}],"_links":{"self":[{"href":"http:\/\/www.grieta.org.mx\/index.php\/wp-json\/wp\/v2\/posts\/10052","targetHints":{"allow":["GET"]}}],"collection":[{"href":"http:\/\/www.grieta.org.mx\/index.php\/wp-json\/wp\/v2\/posts"}],"about":[{"href":"http:\/\/www.grieta.org.mx\/index.php\/wp-json\/wp\/v2\/types\/post"}],"author":[{"embeddable":true,"href":"http:\/\/www.grieta.org.mx\/index.php\/wp-json\/wp\/v2\/users\/2"}],"replies":[{"embeddable":true,"href":"http:\/\/www.grieta.org.mx\/index.php\/wp-json\/wp\/v2\/comments?post=10052"}],"version-history":[{"count":1,"href":"http:\/\/www.grieta.org.mx\/index.php\/wp-json\/wp\/v2\/posts\/10052\/revisions"}],"predecessor-version":[{"id":10132,"href":"http:\/\/www.grieta.org.mx\/index.php\/wp-json\/wp\/v2\/posts\/10052\/revisions\/10132"}],"wp:featuredmedia":[{"embeddable":true,"href":"http:\/\/www.grieta.org.mx\/index.php\/wp-json\/wp\/v2\/media\/21928"}],"wp:attachment":[{"href":"http:\/\/www.grieta.org.mx\/index.php\/wp-json\/wp\/v2\/media?parent=10052"}],"wp:term":[{"taxonomy":"category","embeddable":true,"href":"http:\/\/www.grieta.org.mx\/index.php\/wp-json\/wp\/v2\/categories?post=10052"},{"taxonomy":"post_tag","embeddable":true,"href":"http:\/\/www.grieta.org.mx\/index.php\/wp-json\/wp\/v2\/tags?post=10052"}],"curies":[{"name":"wp","href":"https:\/\/api.w.org\/{rel}","templated":true}]}}